{"id":242077,"date":"2026-01-07T11:45:29","date_gmt":"2026-01-07T11:45:29","guid":{"rendered":"https:\/\/www.jolera.com\/?p=242077"},"modified":"2026-04-10T15:43:42","modified_gmt":"2026-04-10T15:43:42","slug":"jolera-inaugura-novas-instalacoes-e-reforca-presenca-nos-acores","status":"publish","type":"post","link":"https:\/\/www.jolera.com\/pt-pt\/jolera-inaugura-novas-instalacoes-e-reforca-presenca-nos-acores\/","title":{"rendered":"Jolera inaugura novas instala\u00e7\u00f5es e refor\u00e7a presen\u00e7a nos A\u00e7ores"},"content":{"rendered":"<p>[et_pb_section fb_built=&#8221;1&#8243; admin_label=&#8221;section&#8221; _builder_version=&#8221;4.16&#8243; da_disable_devices=&#8221;off|off|off&#8221; locked=&#8221;off&#8221; global_colors_info=&#8221;{}&#8221; da_is_popup=&#8221;off&#8221; da_exit_intent=&#8221;off&#8221; da_has_close=&#8221;on&#8221; da_alt_close=&#8221;off&#8221; da_dark_close=&#8221;off&#8221; da_not_modal=&#8221;on&#8221; da_is_singular=&#8221;off&#8221; da_with_loader=&#8221;off&#8221; da_has_shadow=&#8221;on&#8221;][et_pb_row _builder_version=&#8221;4.27.4&#8243; background_size=&#8221;initial&#8221; background_position=&#8221;top_left&#8221; background_repeat=&#8221;repeat&#8221; width=&#8221;100%&#8221; custom_padding=&#8221;||||false|false&#8221; locked=&#8221;off&#8221; global_colors_info=&#8221;{}&#8221;][et_pb_column type=&#8221;4_4&#8243; _builder_version=&#8221;4.16&#8243; custom_padding=&#8221;|||&#8221; global_colors_info=&#8221;{}&#8221; custom_padding__hover=&#8221;|||&#8221;][et_pb_text _builder_version=&#8221;4.27.5&#8243; header_font=&#8221;&#8211;et_global_heading_font||||||||&#8221; header_text_color=&#8221;#056CF2&#8243; header_font_size=&#8221;32px&#8221; header_3_font=&#8221;&#8211;et_global_heading_font||||||||&#8221; header_3_font_size=&#8221;32px&#8221; background_size=&#8221;initial&#8221; background_position=&#8221;top_left&#8221; background_repeat=&#8221;repeat&#8221; custom_padding=&#8221;||||false|false&#8221; global_colors_info=&#8221;{}&#8221;]<\/p>\n<p>A Jolera inaugurou oficialmente, a <strong>6 de janeiro<\/strong>, o seu novo escrit\u00f3rio em S\u00e3o Miguel, assinalando mais um marco importante no percurso da empresa nos A\u00e7ores. Este momento simboliza crescimento, confian\u00e7a na regi\u00e3o e uma ambi\u00e7\u00e3o clara: fazer dos A\u00e7ores um polo cada vez mais relevante no ecossistema tecnol\u00f3gico.<\/p>\n<p>Presente na regi\u00e3o desde 2022, a Jolera d\u00e1 agora um novo passo com instala\u00e7\u00f5es maiores, pensadas para responder \u00e0s necessidades atuais da equipa e criar espa\u00e7o para continuar a crescer.<\/p>\n<p>[\/et_pb_text][dsm_image_carousel gallery_ids=&#8221;242136,242152,242156,242144,242148,242192,242188,242196,242180,242172,242168&#8243; centered_slides=&#8221;on&#8221; autoplay=&#8221;off&#8221; show_lightbox=&#8221;on&#8221; _builder_version=&#8221;4.27.5&#8243; _module_preset=&#8221;default&#8221; hover_enabled=&#8221;0&#8243; border_radii_image=&#8221;on|12px|12px|12px|12px&#8221; global_colors_info=&#8221;{}&#8221; sticky_enabled=&#8221;0&#8243;][\/dsm_image_carousel][et_pb_text _builder_version=&#8221;4.27.5&#8243; _module_preset=&#8221;default&#8221; custom_margin=&#8221;||15px||false|false&#8221; custom_padding=&#8221;||||false|false&#8221; global_colors_info=&#8221;{}&#8221;]<\/p>\n<h2><strong>No cora\u00e7\u00e3o do ecossistema de inova\u00e7\u00e3o<\/strong><\/h2>\n<p>[\/et_pb_text][et_pb_text _builder_version=&#8221;4.27.5&#8243; header_font=&#8221;&#8211;et_global_heading_font||||||||&#8221; header_text_color=&#8221;#056CF2&#8243; header_font_size=&#8221;32px&#8221; header_3_font=&#8221;&#8211;et_global_heading_font||||||||&#8221; header_3_font_size=&#8221;32px&#8221; background_size=&#8221;initial&#8221; background_position=&#8221;top_left&#8221; background_repeat=&#8221;repeat&#8221; custom_padding=&#8221;||||false|false&#8221; global_colors_info=&#8221;{}&#8221;]<\/p>\n<p><span data-contrast=\"auto\">O novo escrit\u00f3rio da Jolera est\u00e1 integrado no\u00a0<\/span><a href=\"https:\/\/nonagon.pt\/jolera-inaugura-novo-espaco-no-segundo-edificio-do-nonagon\/\"><b><span data-contrast=\"none\">centro de opera\u00e7\u00f5es do NONAGON<\/span><\/b><\/a><span data-contrast=\"auto\">, um dos principais\u00a0hubs\u00a0de inova\u00e7\u00e3o dos A\u00e7ores. Esta localiza\u00e7\u00e3o refor\u00e7a a liga\u00e7\u00e3o da empresa ao ecossistema regional, promovendo proximidade com parceiros, institui\u00e7\u00f5es e outras iniciativas ligadas \u00e0 tecnologia e ao conhecimento.<\/span><\/p>\n<p><span data-contrast=\"auto\">A inaugura\u00e7\u00e3o reuniu parceiros estrat\u00e9gicos, representantes institucionais e figuras de destaque da regi\u00e3o, entre os quais o\u00a0<\/span><a href=\"https:\/\/portal.azores.gov.pt\/web\/comunicacao\/news-detail?id=21112990\"><b><span data-contrast=\"none\">Vice-Presidente do Governo dos A\u00e7ores, Artur Lima<\/span><\/b><span data-contrast=\"none\">,<\/span><\/a><span data-contrast=\"auto\">\u00a0demonstrando a forte liga\u00e7\u00e3o da Jolera aos A\u00e7ores e o reconhecimento do seu contributo para o desenvolvimento tecnol\u00f3gico local.<\/span><\/p>\n<p>[\/et_pb_text][et_pb_text _builder_version=&#8221;4.27.5&#8243; _module_preset=&#8221;default&#8221; custom_margin=&#8221;||15px||false|false&#8221; custom_padding=&#8221;||||false|false&#8221; global_colors_info=&#8221;{}&#8221;]<\/p>\n<h2><strong>Reconhecimento institucional e vis\u00e3o para o futuro\u00a0<\/strong><\/h2>\n<p>[\/et_pb_text][et_pb_text _builder_version=&#8221;4.27.5&#8243; header_font=&#8221;&#8211;et_global_heading_font||||||||&#8221; header_text_color=&#8221;#056CF2&#8243; header_font_size=&#8221;32px&#8221; header_3_font=&#8221;&#8211;et_global_heading_font||||||||&#8221; header_3_font_size=&#8221;32px&#8221; background_size=&#8221;initial&#8221; background_position=&#8221;top_left&#8221; background_repeat=&#8221;repeat&#8221; custom_padding=&#8221;||||false|false&#8221; global_colors_info=&#8221;{}&#8221;]<\/p>\n<p><span data-contrast=\"auto\">No seu discurso, Artur Lima sublinhou que\u00a0<\/span><i><span data-contrast=\"auto\">\u201ca inaugura\u00e7\u00e3o destas novas instala\u00e7\u00f5es \u00e9 a prova de que a estrat\u00e9gia do Governo Regional de capta\u00e7\u00e3o de investimento e de aposta na economia digital est\u00e1 a dar frutos s\u00f3lidos.\u201d<\/span><\/i><span data-contrast=\"auto\">\u00a0<\/span><span data-ccp-props=\"{&quot;134233117&quot;:false,&quot;134233118&quot;:false,&quot;335559738&quot;:240,&quot;335559739&quot;:240}\">\u00a0<\/span><\/p>\n<p><span data-contrast=\"auto\">O Vice-Presidente destacou ainda que a presen\u00e7a e expans\u00e3o da Jolera nos A\u00e7ores mostram que \u00e9 poss\u00edvel, a partir de uma regi\u00e3o aut\u00f3noma no meio do Atl\u00e2ntico,\u00a0<\/span><em>\u201cgerir infraestruturas cr\u00edticas e garantir a\u00a0ciberseguran\u00e7a\u00a0de empresas em Toronto, Nova Iorque ou Londres.\u201d\u00a0<\/em><\/p>\n<p><span data-contrast=\"auto\">Artur Lima enfatizou o papel da Jolera no combate \u00e0 fuga de c\u00e9rebros e no fortalecimento do\u00a0<\/span><span data-contrast=\"auto\">NONAGON como um espa\u00e7o onde conhecimento se transforma em valor econ\u00f3mico.<\/span><span data-ccp-props=\"{&quot;134233117&quot;:false,&quot;134233118&quot;:false,&quot;335559738&quot;:240,&quot;335559739&quot;:240}\">\u00a0<\/span><\/p>\n<p>[\/et_pb_text][et_pb_text _builder_version=&#8221;4.27.5&#8243; _module_preset=&#8221;default&#8221; custom_margin=&#8221;||15px||false|false&#8221; global_colors_info=&#8221;{}&#8221;]<\/p>\n<h2>Mais espa\u00e7o, mais pessoas, mais ambi\u00e7\u00e3o<\/h2>\n<p>[\/et_pb_text][et_pb_text _builder_version=&#8221;4.27.5&#8243; header_font=&#8221;&#8211;et_global_heading_font||||||||&#8221; header_text_color=&#8221;#056CF2&#8243; header_font_size=&#8221;32px&#8221; header_3_font=&#8221;&#8211;et_global_heading_font||||||||&#8221; header_3_font_size=&#8221;32px&#8221; background_size=&#8221;initial&#8221; background_position=&#8221;top_left&#8221; background_repeat=&#8221;repeat&#8221; custom_padding=&#8221;||||false|false&#8221; global_colors_info=&#8221;{}&#8221;]<\/p>\n<p><span data-contrast=\"auto\">Estas novas instala\u00e7\u00f5es surgem da necessidade concreta de criar melhores condi\u00e7\u00f5es para os colaboradores da Jolera na regi\u00e3o poderem trabalhar em conjunto, colaborar e inovar. Ao mesmo tempo, permitem contratar mais talento local, acompanhando o crescimento sustentado da empresa.<\/span><span data-ccp-props=\"{&quot;134233117&quot;:false,&quot;134233118&quot;:false,&quot;335559738&quot;:240,&quot;335559739&quot;:240}\">\u00a0<\/span><\/p>\n<p><span data-contrast=\"auto\">A Jolera espera atingir\u00a0<\/span><b><span data-contrast=\"auto\">100 colaboradores num futuro pr\u00f3ximo<\/span><\/b><span data-contrast=\"auto\">, refor\u00e7ando equipas t\u00e9cnicas, de consultoria e de suporte, sempre com foco na qualidade e na especializa\u00e7\u00e3o.<\/span><span data-ccp-props=\"{&quot;134233117&quot;:false,&quot;134233118&quot;:false,&quot;335559738&quot;:240,&quot;335559739&quot;:240}\">\u00a0<\/span><\/p>\n<p><span data-contrast=\"auto\">Come\u00e7ar o ano com a abertura de um novo escrit\u00f3rio n\u00e3o \u00e9 apenas simb\u00f3lico: \u00e9 um sinal claro de que a Jolera entra neste novo ciclo com energia, vis\u00e3o e vontade de fazer mais.<\/span><span data-ccp-props=\"{&quot;134233117&quot;:false,&quot;134233118&quot;:false,&quot;335559738&quot;:240,&quot;335559739&quot;:240}\">\u00a0<\/span><\/p>\n<p>[\/et_pb_text][et_pb_text _builder_version=&#8221;4.27.5&#8243; _module_preset=&#8221;default&#8221; custom_margin=&#8221;||15px||false|false&#8221; global_colors_info=&#8221;{}&#8221;]<\/p>\n<h2>Forma\u00e7\u00e3o, est\u00e1gios e integra\u00e7\u00e3o no mercado<\/h2>\n<p>[\/et_pb_text][et_pb_text _builder_version=&#8221;4.27.5&#8243; header_font=&#8221;&#8211;et_global_heading_font||||||||&#8221; header_text_color=&#8221;#056CF2&#8243; header_font_size=&#8221;32px&#8221; header_3_font=&#8221;&#8211;et_global_heading_font||||||||&#8221; header_3_font_size=&#8221;32px&#8221; background_size=&#8221;initial&#8221; background_position=&#8221;top_left&#8221; background_repeat=&#8221;repeat&#8221; custom_padding=&#8221;||||false|false&#8221; global_colors_info=&#8221;{}&#8221;]<\/p>\n<p><span data-contrast=\"auto\">O investimento no talento a\u00e7oriano continua a ser uma prioridade. A Jolera mant\u00e9m\u00a0<\/span><b><span data-contrast=\"auto\">protocolos com a ENTA,\u00a0<\/span><\/b><a href=\"https:\/\/www.jolera.com\/pt-pt\/formacao-em-instalacao-e-gestao-de-redes-nos-acores\/\"><b><span data-contrast=\"none\">o\u00a0Centro de Qualifica\u00e7\u00e3o dos A\u00e7ores\u00a0\u2013 CQA<\/span><\/b><\/a><b><span data-contrast=\"auto\">\u00a0e\u00a0com a Universidade dos A\u00e7ores<\/span><\/b><span data-contrast=\"auto\">, oferecendo forma\u00e7\u00e3o durante os est\u00e1gios e integrando\u00a0<\/span><b><span data-contrast=\"auto\">100% dos estagi\u00e1rios<\/span><\/b><span data-contrast=\"auto\">\u00a0nas suas equipas.<\/span><span data-ccp-props=\"{}\">\u00a0<\/span><\/p>\n<p><span data-contrast=\"auto\">Este modelo cria uma ponte direta entre forma\u00e7\u00e3o e emprego, garantindo que o conhecimento adquirido \u00e9 aplicado em contexto real e que os profissionais iniciam a sua carreira com bases s\u00f3lidas.<\/span><span data-ccp-props=\"{}\">\u00a0<\/span><\/p>\n<p><span data-contrast=\"auto\">Com este novo espa\u00e7o, a Jolera refor\u00e7a a sua posi\u00e7\u00e3o como\u00a0<\/span><b><span data-contrast=\"auto\">empresa de TI\u00a0de destaque\u00a0nos A\u00e7ores<\/span><\/b><span data-contrast=\"auto\">, criando as condi\u00e7\u00f5es certas para apoiar organiza\u00e7\u00f5es na sua transforma\u00e7\u00e3o digital, desenvolver talento local e continuar a construir, a partir da regi\u00e3o, solu\u00e7\u00f5es com impacto global.<\/span><span data-ccp-props=\"{}\">\u00a0<\/span><\/p>\n<p><span data-contrast=\"auto\">O ano come\u00e7a assim com um sinal claro:<\/span><b><span data-contrast=\"auto\">\u00a0a Jolera est\u00e1 nos A\u00e7ores para ficar\u00a0e para crescer!<\/span><\/b><span data-ccp-props=\"{}\">\u00a0<\/span><\/p>\n<p>[\/et_pb_text][\/et_pb_column][\/et_pb_row][\/et_pb_section]<\/p>\n","protected":false},"excerpt":{"rendered":"<p>A Jolera inaugurou oficialmente, a 6 de janeiro, o seu novo escrit\u00f3rio em S\u00e3o Miguel, assinalando mais um marco importante no percurso da empresa nos A\u00e7ores. Este momento simboliza crescimento, confian\u00e7a na regi\u00e3o e uma ambi\u00e7\u00e3o clara: fazer dos A\u00e7ores um polo cada vez mais relevante no ecossistema tecnol\u00f3gico. Presente na regi\u00e3o desde 2022, a [&hellip;]<\/p>\n","protected":false},"author":1,"featured_media":242201,"comment_status":"open","ping_status":"open","sticky":false,"template":"","format":"standard","meta":{"_et_pb_use_builder":"on","_et_pb_old_content":"","_et_gb_content_width":"","inline_featured_image":false,"footnotes":""},"categories":[324],"tags":[],"class_list":["post-242077","post","type-post","status-publish","format-standard","has-post-thumbnail","hentry","category-noticias-ti"],"yoast_head":"<!-- This site is optimized with the Yoast SEO plugin v27.4 - https:\/\/yoast.com\/product\/yoast-seo-wordpress\/ -->\n<title>Jolera inaugura novas instala\u00e7\u00f5es e refor\u00e7a presen\u00e7a nos A\u00e7ores | Jolera<\/title>\n<meta name=\"description\" content=\"A Jolera inaugura novas instala\u00e7\u00f5es, refor\u00e7ando a sua presen\u00e7a nos A\u00e7ores e o investimento em talento, inova\u00e7\u00e3o e crescimento sustent\u00e1vel.\" \/>\n<meta name=\"robots\" content=\"index, follow, max-snippet:-1, max-image-preview:large, max-video-preview:-1\" \/>\n<link rel=\"canonical\" href=\"https:\/\/www.jolera.com\/pt-pt\/jolera-inaugura-novas-instalacoes-e-reforca-presenca-nos-acores\/\" \/>\n<meta property=\"og:locale\" content=\"pt_PT\" \/>\n<meta property=\"og:type\" content=\"article\" \/>\n<meta property=\"og:title\" content=\"Jolera inaugura novas instala\u00e7\u00f5es e refor\u00e7a presen\u00e7a nos A\u00e7ores | Jolera\" \/>\n<meta property=\"og:description\" content=\"A Jolera inaugura novas instala\u00e7\u00f5es, refor\u00e7ando a sua presen\u00e7a nos A\u00e7ores e o investimento em talento, inova\u00e7\u00e3o e crescimento sustent\u00e1vel.\" \/>\n<meta property=\"og:url\" content=\"https:\/\/www.jolera.com\/pt-pt\/jolera-inaugura-novas-instalacoes-e-reforca-presenca-nos-acores\/\" \/>\n<meta property=\"og:site_name\" content=\"Jolera\" \/>\n<meta property=\"article:publisher\" content=\"https:\/\/www.facebook.com\/jolerainc\/\" \/>\n<meta property=\"article:published_time\" content=\"2026-01-07T11:45:29+00:00\" \/>\n<meta property=\"article:modified_time\" content=\"2026-04-10T15:43:42+00:00\" \/>\n<meta property=\"og:image\" content=\"https:\/\/www.jolera.com\/wp-content\/uploads\/Banner_Azores_office_inauguration.png\" \/>\n\t<meta property=\"og:image:width\" content=\"1200\" \/>\n\t<meta property=\"og:image:height\" content=\"628\" \/>\n\t<meta property=\"og:image:type\" content=\"image\/png\" \/>\n<meta name=\"author\" content=\"Jolera\" \/>\n<meta name=\"twitter:card\" content=\"summary_large_image\" \/>\n<meta name=\"twitter:creator\" content=\"@jolera\" \/>\n<meta name=\"twitter:site\" content=\"@jolera\" \/>\n<meta name=\"twitter:label1\" content=\"Escrito por\" \/>\n\t<meta name=\"twitter:data1\" content=\"Jolera\" \/>\n\t<meta name=\"twitter:label2\" content=\"Tempo estimado de leitura\" \/>\n\t<meta name=\"twitter:data2\" content=\"5 minutos\" \/>\n<script type=\"application\/ld+json\" class=\"yoast-schema-graph\">{\"@context\":\"https:\\\/\\\/schema.org\",\"@graph\":[{\"@type\":\"Article\",\"@id\":\"https:\\\/\\\/www.jolera.com\\\/pt-pt\\\/jolera-inaugura-novas-instalacoes-e-reforca-presenca-nos-acores\\\/#article\",\"isPartOf\":{\"@id\":\"https:\\\/\\\/www.jolera.com\\\/pt-pt\\\/jolera-inaugura-novas-instalacoes-e-reforca-presenca-nos-acores\\\/\"},\"author\":{\"name\":\"Jolera\",\"@id\":\"https:\\\/\\\/www.jolera.com\\\/pt-pt\\\/#\\\/schema\\\/person\\\/9d0aa0ee3c29a585afccdf73a491a1ae\"},\"headline\":\"Jolera inaugura novas instala\u00e7\u00f5es e refor\u00e7a presen\u00e7a nos A\u00e7ores\",\"datePublished\":\"2026-01-07T11:45:29+00:00\",\"dateModified\":\"2026-04-10T15:43:42+00:00\",\"mainEntityOfPage\":{\"@id\":\"https:\\\/\\\/www.jolera.com\\\/pt-pt\\\/jolera-inaugura-novas-instalacoes-e-reforca-presenca-nos-acores\\\/\"},\"wordCount\":1089,\"commentCount\":0,\"publisher\":{\"@id\":\"https:\\\/\\\/www.jolera.com\\\/pt-pt\\\/#organization\"},\"image\":{\"@id\":\"https:\\\/\\\/www.jolera.com\\\/pt-pt\\\/jolera-inaugura-novas-instalacoes-e-reforca-presenca-nos-acores\\\/#primaryimage\"},\"thumbnailUrl\":\"https:\\\/\\\/www.jolera.com\\\/wp-content\\\/uploads\\\/Banner_Azores_office_inauguration.png\",\"articleSection\":[\"Not\u00edcias TI\"],\"inLanguage\":\"pt-PT\",\"potentialAction\":[{\"@type\":\"CommentAction\",\"name\":\"Comment\",\"target\":[\"https:\\\/\\\/www.jolera.com\\\/pt-pt\\\/jolera-inaugura-novas-instalacoes-e-reforca-presenca-nos-acores\\\/#respond\"]}]},{\"@type\":\"WebPage\",\"@id\":\"https:\\\/\\\/www.jolera.com\\\/pt-pt\\\/jolera-inaugura-novas-instalacoes-e-reforca-presenca-nos-acores\\\/\",\"url\":\"https:\\\/\\\/www.jolera.com\\\/pt-pt\\\/jolera-inaugura-novas-instalacoes-e-reforca-presenca-nos-acores\\\/\",\"name\":\"Jolera inaugura novas instala\u00e7\u00f5es e refor\u00e7a presen\u00e7a nos A\u00e7ores | Jolera\",\"isPartOf\":{\"@id\":\"https:\\\/\\\/www.jolera.com\\\/pt-pt\\\/#website\"},\"primaryImageOfPage\":{\"@id\":\"https:\\\/\\\/www.jolera.com\\\/pt-pt\\\/jolera-inaugura-novas-instalacoes-e-reforca-presenca-nos-acores\\\/#primaryimage\"},\"image\":{\"@id\":\"https:\\\/\\\/www.jolera.com\\\/pt-pt\\\/jolera-inaugura-novas-instalacoes-e-reforca-presenca-nos-acores\\\/#primaryimage\"},\"thumbnailUrl\":\"https:\\\/\\\/www.jolera.com\\\/wp-content\\\/uploads\\\/Banner_Azores_office_inauguration.png\",\"datePublished\":\"2026-01-07T11:45:29+00:00\",\"dateModified\":\"2026-04-10T15:43:42+00:00\",\"description\":\"A Jolera inaugura novas instala\u00e7\u00f5es, refor\u00e7ando a sua presen\u00e7a nos A\u00e7ores e o investimento em talento, inova\u00e7\u00e3o e crescimento sustent\u00e1vel.\",\"breadcrumb\":{\"@id\":\"https:\\\/\\\/www.jolera.com\\\/pt-pt\\\/jolera-inaugura-novas-instalacoes-e-reforca-presenca-nos-acores\\\/#breadcrumb\"},\"inLanguage\":\"pt-PT\",\"potentialAction\":[{\"@type\":\"ReadAction\",\"target\":[\"https:\\\/\\\/www.jolera.com\\\/pt-pt\\\/jolera-inaugura-novas-instalacoes-e-reforca-presenca-nos-acores\\\/\"]}]},{\"@type\":\"ImageObject\",\"inLanguage\":\"pt-PT\",\"@id\":\"https:\\\/\\\/www.jolera.com\\\/pt-pt\\\/jolera-inaugura-novas-instalacoes-e-reforca-presenca-nos-acores\\\/#primaryimage\",\"url\":\"https:\\\/\\\/www.jolera.com\\\/wp-content\\\/uploads\\\/Banner_Azores_office_inauguration.png\",\"contentUrl\":\"https:\\\/\\\/www.jolera.com\\\/wp-content\\\/uploads\\\/Banner_Azores_office_inauguration.png\",\"width\":1200,\"height\":628,\"caption\":\"Azores office inauguration\"},{\"@type\":\"BreadcrumbList\",\"@id\":\"https:\\\/\\\/www.jolera.com\\\/pt-pt\\\/jolera-inaugura-novas-instalacoes-e-reforca-presenca-nos-acores\\\/#breadcrumb\",\"itemListElement\":[{\"@type\":\"ListItem\",\"position\":1,\"name\":\"Home\",\"item\":\"https:\\\/\\\/www.jolera.com\\\/pt-pt\\\/\"},{\"@type\":\"ListItem\",\"position\":2,\"name\":\"Jolera inaugura novas instala\u00e7\u00f5es e refor\u00e7a presen\u00e7a nos A\u00e7ores\"}]},{\"@type\":\"WebSite\",\"@id\":\"https:\\\/\\\/www.jolera.com\\\/pt-pt\\\/#website\",\"url\":\"https:\\\/\\\/www.jolera.com\\\/pt-pt\\\/\",\"name\":\"Global Systems Integrator \u2013 IT & Cybersecurity\",\"description\":\"Global Systems Integrator\",\"publisher\":{\"@id\":\"https:\\\/\\\/www.jolera.com\\\/pt-pt\\\/#organization\"},\"potentialAction\":[{\"@type\":\"SearchAction\",\"target\":{\"@type\":\"EntryPoint\",\"urlTemplate\":\"https:\\\/\\\/www.jolera.com\\\/pt-pt\\\/?s={search_term_string}\"},\"query-input\":{\"@type\":\"PropertyValueSpecification\",\"valueRequired\":true,\"valueName\":\"search_term_string\"}}],\"inLanguage\":\"pt-PT\"},{\"@type\":\"Organization\",\"@id\":\"https:\\\/\\\/www.jolera.com\\\/pt-pt\\\/#organization\",\"name\":\"Jolera\",\"url\":\"https:\\\/\\\/www.jolera.com\\\/pt-pt\\\/\",\"logo\":{\"@type\":\"ImageObject\",\"inLanguage\":\"pt-PT\",\"@id\":\"https:\\\/\\\/www.jolera.com\\\/pt-pt\\\/#\\\/schema\\\/logo\\\/image\\\/\",\"url\":\"https:\\\/\\\/www.jolera.com\\\/wp-content\\\/uploads\\\/2024\\\/10\\\/Jolera-logo-blue-sq.png\",\"contentUrl\":\"https:\\\/\\\/www.jolera.com\\\/wp-content\\\/uploads\\\/2024\\\/10\\\/Jolera-logo-blue-sq.png\",\"width\":400,\"height\":400,\"caption\":\"Jolera\"},\"image\":{\"@id\":\"https:\\\/\\\/www.jolera.com\\\/pt-pt\\\/#\\\/schema\\\/logo\\\/image\\\/\"},\"sameAs\":[\"https:\\\/\\\/www.facebook.com\\\/jolerainc\\\/\",\"https:\\\/\\\/x.com\\\/jolera\",\"https:\\\/\\\/www.instagram.com\\\/jolerainc\\\/\",\"https:\\\/\\\/www.linkedin.com\\\/company\\\/jolera\\\/\",\"https:\\\/\\\/www.youtube.com\\\/@JoleraTV\"]},{\"@type\":\"Person\",\"@id\":\"https:\\\/\\\/www.jolera.com\\\/pt-pt\\\/#\\\/schema\\\/person\\\/9d0aa0ee3c29a585afccdf73a491a1ae\",\"name\":\"Jolera\",\"image\":{\"@type\":\"ImageObject\",\"inLanguage\":\"pt-PT\",\"@id\":\"https:\\\/\\\/secure.gravatar.com\\\/avatar\\\/0ab3ebeac2608c432d3156ffb0278cff0bd1ad63514020cf8e38525a8e0db098?s=96&d=https%3A%2F%2Fwww.jolera.com%2Fwp-content%2Fuploads%2Fjolera-managed-services-provider-icon-150x150.png&r=g\",\"url\":\"https:\\\/\\\/secure.gravatar.com\\\/avatar\\\/0ab3ebeac2608c432d3156ffb0278cff0bd1ad63514020cf8e38525a8e0db098?s=96&d=https%3A%2F%2Fwww.jolera.com%2Fwp-content%2Fuploads%2Fjolera-managed-services-provider-icon-150x150.png&r=g\",\"contentUrl\":\"https:\\\/\\\/secure.gravatar.com\\\/avatar\\\/0ab3ebeac2608c432d3156ffb0278cff0bd1ad63514020cf8e38525a8e0db098?s=96&d=https%3A%2F%2Fwww.jolera.com%2Fwp-content%2Fuploads%2Fjolera-managed-services-provider-icon-150x150.png&r=g\",\"caption\":\"Jolera\"},\"sameAs\":[\"https:\\\/\\\/www.jolera.com\"],\"url\":\"https:\\\/\\\/www.jolera.com\\\/pt-pt\\\/author\\\/admin\\\/\"}]}<\/script>\n<!-- \/ Yoast SEO plugin. -->","yoast_head_json":{"title":"Jolera inaugura novas instala\u00e7\u00f5es e refor\u00e7a presen\u00e7a nos A\u00e7ores | Jolera","description":"A Jolera inaugura novas instala\u00e7\u00f5es, refor\u00e7ando a sua presen\u00e7a nos A\u00e7ores e o investimento em talento, inova\u00e7\u00e3o e crescimento sustent\u00e1vel.","robots":{"index":"index","follow":"follow","max-snippet":"max-snippet:-1","max-image-preview":"max-image-preview:large","max-video-preview":"max-video-preview:-1"},"canonical":"https:\/\/www.jolera.com\/pt-pt\/jolera-inaugura-novas-instalacoes-e-reforca-presenca-nos-acores\/","og_locale":"pt_PT","og_type":"article","og_title":"Jolera inaugura novas instala\u00e7\u00f5es e refor\u00e7a presen\u00e7a nos A\u00e7ores | Jolera","og_description":"A Jolera inaugura novas instala\u00e7\u00f5es, refor\u00e7ando a sua presen\u00e7a nos A\u00e7ores e o investimento em talento, inova\u00e7\u00e3o e crescimento sustent\u00e1vel.","og_url":"https:\/\/www.jolera.com\/pt-pt\/jolera-inaugura-novas-instalacoes-e-reforca-presenca-nos-acores\/","og_site_name":"Jolera","article_publisher":"https:\/\/www.facebook.com\/jolerainc\/","article_published_time":"2026-01-07T11:45:29+00:00","article_modified_time":"2026-04-10T15:43:42+00:00","og_image":[{"width":1200,"height":628,"url":"https:\/\/www.jolera.com\/wp-content\/uploads\/Banner_Azores_office_inauguration.png","type":"image\/png"}],"author":"Jolera","twitter_card":"summary_large_image","twitter_creator":"@jolera","twitter_site":"@jolera","twitter_misc":{"Escrito por":"Jolera","Tempo estimado de leitura":"5 minutos"},"schema":{"@context":"https:\/\/schema.org","@graph":[{"@type":"Article","@id":"https:\/\/www.jolera.com\/pt-pt\/jolera-inaugura-novas-instalacoes-e-reforca-presenca-nos-acores\/#article","isPartOf":{"@id":"https:\/\/www.jolera.com\/pt-pt\/jolera-inaugura-novas-instalacoes-e-reforca-presenca-nos-acores\/"},"author":{"name":"Jolera","@id":"https:\/\/www.jolera.com\/pt-pt\/#\/schema\/person\/9d0aa0ee3c29a585afccdf73a491a1ae"},"headline":"Jolera inaugura novas instala\u00e7\u00f5es e refor\u00e7a presen\u00e7a nos A\u00e7ores","datePublished":"2026-01-07T11:45:29+00:00","dateModified":"2026-04-10T15:43:42+00:00","mainEntityOfPage":{"@id":"https:\/\/www.jolera.com\/pt-pt\/jolera-inaugura-novas-instalacoes-e-reforca-presenca-nos-acores\/"},"wordCount":1089,"commentCount":0,"publisher":{"@id":"https:\/\/www.jolera.com\/pt-pt\/#organization"},"image":{"@id":"https:\/\/www.jolera.com\/pt-pt\/jolera-inaugura-novas-instalacoes-e-reforca-presenca-nos-acores\/#primaryimage"},"thumbnailUrl":"https:\/\/www.jolera.com\/wp-content\/uploads\/Banner_Azores_office_inauguration.png","articleSection":["Not\u00edcias TI"],"inLanguage":"pt-PT","potentialAction":[{"@type":"CommentAction","name":"Comment","target":["https:\/\/www.jolera.com\/pt-pt\/jolera-inaugura-novas-instalacoes-e-reforca-presenca-nos-acores\/#respond"]}]},{"@type":"WebPage","@id":"https:\/\/www.jolera.com\/pt-pt\/jolera-inaugura-novas-instalacoes-e-reforca-presenca-nos-acores\/","url":"https:\/\/www.jolera.com\/pt-pt\/jolera-inaugura-novas-instalacoes-e-reforca-presenca-nos-acores\/","name":"Jolera inaugura novas instala\u00e7\u00f5es e refor\u00e7a presen\u00e7a nos A\u00e7ores | Jolera","isPartOf":{"@id":"https:\/\/www.jolera.com\/pt-pt\/#website"},"primaryImageOfPage":{"@id":"https:\/\/www.jolera.com\/pt-pt\/jolera-inaugura-novas-instalacoes-e-reforca-presenca-nos-acores\/#primaryimage"},"image":{"@id":"https:\/\/www.jolera.com\/pt-pt\/jolera-inaugura-novas-instalacoes-e-reforca-presenca-nos-acores\/#primaryimage"},"thumbnailUrl":"https:\/\/www.jolera.com\/wp-content\/uploads\/Banner_Azores_office_inauguration.png","datePublished":"2026-01-07T11:45:29+00:00","dateModified":"2026-04-10T15:43:42+00:00","description":"A Jolera inaugura novas instala\u00e7\u00f5es, refor\u00e7ando a sua presen\u00e7a nos A\u00e7ores e o investimento em talento, inova\u00e7\u00e3o e crescimento sustent\u00e1vel.","breadcrumb":{"@id":"https:\/\/www.jolera.com\/pt-pt\/jolera-inaugura-novas-instalacoes-e-reforca-presenca-nos-acores\/#breadcrumb"},"inLanguage":"pt-PT","potentialAction":[{"@type":"ReadAction","target":["https:\/\/www.jolera.com\/pt-pt\/jolera-inaugura-novas-instalacoes-e-reforca-presenca-nos-acores\/"]}]},{"@type":"ImageObject","inLanguage":"pt-PT","@id":"https:\/\/www.jolera.com\/pt-pt\/jolera-inaugura-novas-instalacoes-e-reforca-presenca-nos-acores\/#primaryimage","url":"https:\/\/www.jolera.com\/wp-content\/uploads\/Banner_Azores_office_inauguration.png","contentUrl":"https:\/\/www.jolera.com\/wp-content\/uploads\/Banner_Azores_office_inauguration.png","width":1200,"height":628,"caption":"Azores office inauguration"},{"@type":"BreadcrumbList","@id":"https:\/\/www.jolera.com\/pt-pt\/jolera-inaugura-novas-instalacoes-e-reforca-presenca-nos-acores\/#breadcrumb","itemListElement":[{"@type":"ListItem","position":1,"name":"Home","item":"https:\/\/www.jolera.com\/pt-pt\/"},{"@type":"ListItem","position":2,"name":"Jolera inaugura novas instala\u00e7\u00f5es e refor\u00e7a presen\u00e7a nos A\u00e7ores"}]},{"@type":"WebSite","@id":"https:\/\/www.jolera.com\/pt-pt\/#website","url":"https:\/\/www.jolera.com\/pt-pt\/","name":"Global Systems Integrator \u2013 IT & Cybersecurity","description":"Global Systems Integrator","publisher":{"@id":"https:\/\/www.jolera.com\/pt-pt\/#organization"},"potentialAction":[{"@type":"SearchAction","target":{"@type":"EntryPoint","urlTemplate":"https:\/\/www.jolera.com\/pt-pt\/?s={search_term_string}"},"query-input":{"@type":"PropertyValueSpecification","valueRequired":true,"valueName":"search_term_string"}}],"inLanguage":"pt-PT"},{"@type":"Organization","@id":"https:\/\/www.jolera.com\/pt-pt\/#organization","name":"Jolera","url":"https:\/\/www.jolera.com\/pt-pt\/","logo":{"@type":"ImageObject","inLanguage":"pt-PT","@id":"https:\/\/www.jolera.com\/pt-pt\/#\/schema\/logo\/image\/","url":"https:\/\/www.jolera.com\/wp-content\/uploads\/2024\/10\/Jolera-logo-blue-sq.png","contentUrl":"https:\/\/www.jolera.com\/wp-content\/uploads\/2024\/10\/Jolera-logo-blue-sq.png","width":400,"height":400,"caption":"Jolera"},"image":{"@id":"https:\/\/www.jolera.com\/pt-pt\/#\/schema\/logo\/image\/"},"sameAs":["https:\/\/www.facebook.com\/jolerainc\/","https:\/\/x.com\/jolera","https:\/\/www.instagram.com\/jolerainc\/","https:\/\/www.linkedin.com\/company\/jolera\/","https:\/\/www.youtube.com\/@JoleraTV"]},{"@type":"Person","@id":"https:\/\/www.jolera.com\/pt-pt\/#\/schema\/person\/9d0aa0ee3c29a585afccdf73a491a1ae","name":"Jolera","image":{"@type":"ImageObject","inLanguage":"pt-PT","@id":"https:\/\/secure.gravatar.com\/avatar\/0ab3ebeac2608c432d3156ffb0278cff0bd1ad63514020cf8e38525a8e0db098?s=96&d=https%3A%2F%2Fwww.jolera.com%2Fwp-content%2Fuploads%2Fjolera-managed-services-provider-icon-150x150.png&r=g","url":"https:\/\/secure.gravatar.com\/avatar\/0ab3ebeac2608c432d3156ffb0278cff0bd1ad63514020cf8e38525a8e0db098?s=96&d=https%3A%2F%2Fwww.jolera.com%2Fwp-content%2Fuploads%2Fjolera-managed-services-provider-icon-150x150.png&r=g","contentUrl":"https:\/\/secure.gravatar.com\/avatar\/0ab3ebeac2608c432d3156ffb0278cff0bd1ad63514020cf8e38525a8e0db098?s=96&d=https%3A%2F%2Fwww.jolera.com%2Fwp-content%2Fuploads%2Fjolera-managed-services-provider-icon-150x150.png&r=g","caption":"Jolera"},"sameAs":["https:\/\/www.jolera.com"],"url":"https:\/\/www.jolera.com\/pt-pt\/author\/admin\/"}]}},"_links":{"self":[{"href":"https:\/\/www.jolera.com\/pt-pt\/wp-json\/wp\/v2\/posts\/242077","targetHints":{"allow":["GET"]}}],"collection":[{"href":"https:\/\/www.jolera.com\/pt-pt\/wp-json\/wp\/v2\/posts"}],"about":[{"href":"https:\/\/www.jolera.com\/pt-pt\/wp-json\/wp\/v2\/types\/post"}],"author":[{"embeddable":true,"href":"https:\/\/www.jolera.com\/pt-pt\/wp-json\/wp\/v2\/users\/1"}],"replies":[{"embeddable":true,"href":"https:\/\/www.jolera.com\/pt-pt\/wp-json\/wp\/v2\/comments?post=242077"}],"version-history":[{"count":0,"href":"https:\/\/www.jolera.com\/pt-pt\/wp-json\/wp\/v2\/posts\/242077\/revisions"}],"wp:featuredmedia":[{"embeddable":true,"href":"https:\/\/www.jolera.com\/pt-pt\/wp-json\/wp\/v2\/media\/242201"}],"wp:attachment":[{"href":"https:\/\/www.jolera.com\/pt-pt\/wp-json\/wp\/v2\/media?parent=242077"}],"wp:term":[{"taxonomy":"category","embeddable":true,"href":"https:\/\/www.jolera.com\/pt-pt\/wp-json\/wp\/v2\/categories?post=242077"},{"taxonomy":"post_tag","embeddable":true,"href":"https:\/\/www.jolera.com\/pt-pt\/wp-json\/wp\/v2\/tags?post=242077"}],"curies":[{"name":"wp","href":"https:\/\/api.w.org\/{rel}","templated":true}]}}