{"id":240401,"date":"2025-07-03T16:13:23","date_gmt":"2025-07-03T16:13:23","guid":{"rendered":"https:\/\/www.jolera.com\/a-alarmante-aceleracao-dos-tempos-de-fuga-dos-ataques-ciberneticos\/"},"modified":"2025-08-18T14:46:50","modified_gmt":"2025-08-18T14:46:50","slug":"a-alarmante-aceleracao-dos-tempos-de-fuga-dos-ataques-ciberneticos","status":"publish","type":"post","link":"https:\/\/www.jolera.com\/pt-pt\/a-alarmante-aceleracao-dos-tempos-de-fuga-dos-ataques-ciberneticos\/","title":{"rendered":"A alarmante acelera\u00e7\u00e3o dos tempos de fuga dos ataques cibern\u00e9ticos"},"content":{"rendered":"<p>[et_pb_section fb_built=&#8221;1&#8243; _builder_version=&#8221;4.27.4&#8243; da_disable_devices=&#8221;off|off|off&#8221; global_colors_info=&#8221;{}&#8221; da_is_popup=&#8221;off&#8221; da_exit_intent=&#8221;off&#8221; da_has_close=&#8221;on&#8221; da_alt_close=&#8221;off&#8221; da_dark_close=&#8221;off&#8221; da_not_modal=&#8221;on&#8221; da_is_singular=&#8221;off&#8221; da_with_loader=&#8221;off&#8221; da_has_shadow=&#8221;on&#8221;][et_pb_row _builder_version=&#8221;4.27.4&#8243; background_size=&#8221;initial&#8221; background_position=&#8221;top_left&#8221; background_repeat=&#8221;repeat&#8221; width=&#8221;100%&#8221; custom_padding=&#8221;||||false|false&#8221; global_colors_info=&#8221;{}&#8221;][et_pb_column type=&#8221;4_4&#8243; _builder_version=&#8221;4.16&#8243; custom_padding=&#8221;|||&#8221; global_colors_info=&#8221;{}&#8221; custom_padding__hover=&#8221;|||&#8221;][et_pb_text _builder_version=&#8221;4.27.4&#8243; header_font=&#8221;&#8211;et_global_heading_font||||||||&#8221; header_text_color=&#8221;#056CF2&#8243; header_font_size=&#8221;32px&#8221; header_3_font=&#8221;&#8211;et_global_heading_font||||||||&#8221; header_3_font_size=&#8221;32px&#8221; background_size=&#8221;initial&#8221; background_position=&#8221;top_left&#8221; background_repeat=&#8221;repeat&#8221; custom_padding=&#8221;||30px||false|false&#8221; global_colors_info=&#8221;{}&#8221;]<\/p>\n<p>No cen\u00e1rio em constante evolu\u00e7\u00e3o da ciberseguran\u00e7a, uma m\u00e9trica cr\u00edtica est\u00e1 a diminuir a um ritmo alarmante: o <strong>tempo de fuga<\/strong>. Refere-se ao per\u00edodo entre a primeira vez que um hacker obt\u00e9m acesso a um sistema e quando come\u00e7a a mover-se lateralmente pela rede, procurando bens valiosos. Quanto mais r\u00e1pido isso acontece, menos tempo os defensores t\u00eam para responder e mitigar os danos.    <\/p>\n<p>[\/et_pb_text][et_pb_text _builder_version=&#8221;4.27.4&#8243; background_size=&#8221;initial&#8221; background_position=&#8221;top_left&#8221; background_repeat=&#8221;repeat&#8221; custom_margin=&#8221;||15px||false|false&#8221; custom_padding=&#8221;||0px||false|false&#8221; global_colors_info=&#8221;{}&#8221;]<\/p>\n<h5>Ciberseguran\u00e7a: A corrida contra o rel\u00f3gio<\/h5>\n<p>[\/et_pb_text][et_pb_text _builder_version=&#8221;4.27.4&#8243; background_size=&#8221;initial&#8221; background_position=&#8221;top_left&#8221; background_repeat=&#8221;repeat&#8221; custom_padding=&#8221;||30px||false|false&#8221; global_colors_info=&#8221;{}&#8221;]<\/p>\n<p>Quando um advers\u00e1rio viola as suas defesas, os seus objectivos s\u00e3o normalmente claros: estabelecer o acesso inicial, identificar bens de elevado valor e executar uma &#8220;fuga&#8221; para expandir o seu controlo. O que \u00e9 verdadeiramente preocupante \u00e9 a rapidez com que atingem estes objectivos. <\/p>\n<p>De acordo com o mais recente <a href=\"https:\/\/www.crowdstrike.com\/en-us\/global-threat-report\/\">Relat\u00f3rio Global de Amea\u00e7as da CrowdStrike<\/a>, o tempo m\u00e9dio de fuga para intrus\u00f5es interativas de crimes eletr\u00f4nicos em 2024 caiu para apenas <strong>48 minutos<\/strong>. Trata-se de uma diminui\u00e7\u00e3o significativa em rela\u00e7\u00e3o aos 62 minutos registados em 2023, o que indica uma tend\u00eancia preocupante para as organiza\u00e7\u00f5es em todo o mundo. <\/p>\n<p>As implica\u00e7\u00f5es s\u00e3o claras: <strong>a janela de dete\u00e7\u00e3o e resposta est\u00e1 a diminuir rapidamente. <\/strong> <\/p>\n<p>[\/et_pb_text][\/et_pb_column][\/et_pb_row][et_pb_row _builder_version=&#8221;4.27.4&#8243; background_color=&#8221;rgba(183,230,255,0.35)&#8221; background_size=&#8221;initial&#8221; background_position=&#8221;top_left&#8221; background_repeat=&#8221;repeat&#8221; width=&#8221;100%&#8221; custom_margin=&#8221;30px||||false|false&#8221; custom_padding=&#8221;40px|40px|40px|40px|true|true&#8221; border_radii=&#8221;on|12px|12px|12px|12px&#8221; global_colors_info=&#8221;{}&#8221;][et_pb_column type=&#8221;4_4&#8243; _builder_version=&#8221;4.16&#8243; custom_padding=&#8221;|||&#8221; global_colors_info=&#8221;{}&#8221; custom_padding__hover=&#8221;|||&#8221;][et_pb_text _builder_version=&#8221;4.27.4&#8243; background_size=&#8221;initial&#8221; background_position=&#8221;top_left&#8221; background_repeat=&#8221;repeat&#8221; custom_margin=&#8221;||15px||false|false&#8221; custom_padding=&#8221;||||false|false&#8221; global_colors_info=&#8221;{}&#8221;]<\/p>\n<h5>Insights cr\u00edticos: O que os dados revelam<\/h5>\n<p>[\/et_pb_text][et_pb_text _builder_version=&#8221;4.27.4&#8243; background_size=&#8221;initial&#8221; background_position=&#8221;top_left&#8221; background_repeat=&#8221;repeat&#8221; custom_padding=&#8221;||||false|false&#8221; global_colors_info=&#8221;{}&#8221;]<\/p>\n<p>Vamos analisar alguns factos fundamentais que sublinham a urg\u00eancia desta situa\u00e7\u00e3o:<\/p>\n<p>[\/et_pb_text][ba_card photo=&#8221;https:\/\/www.jolera.com\/wp-content\/uploads\/2025\/02\/index-symbol-jolera.svg&#8221; title=&#8221;Tempo de arranque recorde&#8221; description=&#8221;&lt;p&gt;O tempo m\u00e9dio que um advers\u00e1rio leva para come\u00e7ar a mover-se lateralmente atrav\u00e9s de uma rede atingiu um m\u00ednimo hist\u00f3rico de 48 minutos. Ainda mais surpreendente \u00e9 o facto de o tempo de fuga mais r\u00e1pido observado ter ca\u00eddo para uns espantosos &lt;strong&gt;51 segundos.&lt;\/strong&gt; &lt;\/p&gt;&#8221; image_position=&#8221;left&#8221; custom_height=&#8221;off&#8221; image_width=&#8221;47px&#8221; image_padding=&#8221;|20px|||false|false&#8221; btn_spacing_top=&#8221;20px&#8221; content_padding=&#8221;0px|0px|0px|0px|false|false&#8221; _builder_version=&#8221;4.27.4&#8243; _module_preset=&#8221;default&#8221; title_font=&#8221;|700|||||||&#8221; title_text_color=&#8221;#3979ff&#8221; title_font_size=&#8221;16px&#8221; custom_button=&#8221;on&#8221; button_text_size=&#8221;1rem&#8221; button_text_color=&#8221;#3979ff&#8221; button_bg_color=&#8221;#ffffff&#8221; button_border_width=&#8221;1px&#8221; button_border_color=&#8221;#3979ff&#8221; button_border_radius=&#8221;50px&#8221; button_font=&#8221;|700|||||||&#8221; button_use_icon=&#8221;off&#8221; custom_padding=&#8221;||||false|false&#8221; border_radii_card=&#8221;on||||&#8221; border_width_all_card=&#8221;0px&#8221; border_color_all_card=&#8221;#3979ff&#8221; border_style_all_card=&#8221;solid&#8221; global_colors_info=&#8221;{}&#8221;][\/ba_card][ba_card photo=&#8221;https:\/\/www.jolera.com\/wp-content\/uploads\/2025\/02\/index-symbol-jolera.svg&#8221; title=&#8221;Crescimento do mercado de dete\u00e7\u00e3o de amea\u00e7as&#8221; description=&#8221;&lt;p&gt;Prev\u00ea-se que o mercado global de sistemas de dete\u00e7\u00e3o de amea\u00e7as, avaliado em 13,4 mil milh\u00f5es de d\u00f3lares em 2024, ultrapasse os &lt;strong&gt; 54 mil milh\u00f5es de d\u00f3lares at\u00e9 2034&lt;\/strong&gt;. Este crescimento robusto reflecte a procura crescente de solu\u00e7\u00f5es de seguran\u00e7a avan\u00e7adas. &lt;\/p&gt;&#8221; image_position=&#8221;left&#8221; custom_height=&#8221;off&#8221; image_width=&#8221;47px&#8221; image_padding=&#8221;|20px|||false|false&#8221; btn_spacing_top=&#8221;20px&#8221; content_padding=&#8221;0px|0px|0px|0px|false|false&#8221; _builder_version=&#8221;4.27.4&#8243; _module_preset=&#8221;default&#8221; title_font=&#8221;|700|||||||&#8221; title_text_color=&#8221;#3979ff&#8221; title_font_size=&#8221;16px&#8221; custom_button=&#8221;on&#8221; button_text_size=&#8221;1rem&#8221; button_text_color=&#8221;#3979ff&#8221; button_bg_color=&#8221;#ffffff&#8221; button_border_width=&#8221;1px&#8221; button_border_color=&#8221;#3979ff&#8221; button_border_radius=&#8221;50px&#8221; button_font=&#8221;|700|||||||&#8221; button_use_icon=&#8221;off&#8221; custom_padding=&#8221;||||false|false&#8221; border_radii_card=&#8221;on||||&#8221; border_width_all_card=&#8221;0px&#8221; border_color_all_card=&#8221;#3979ff&#8221; border_style_all_card=&#8221;solid&#8221; global_colors_info=&#8221;{}&#8221;][\/ba_card][ba_card photo=&#8221;https:\/\/www.jolera.com\/wp-content\/uploads\/2025\/02\/index-symbol-jolera.svg&#8221; title=&#8221;Aumento da frequ\u00eancia dos ciberataques&#8221; description=&#8221;&lt;p&gt;Os ciberataques, incluindo o ransomware, o phishing e as intrus\u00f5es na nuvem, est\u00e3o numa trajet\u00f3ria ascendente consistente. S\u00f3 o ransomware foi respons\u00e1vel por &lt;strong&gt;35% de todos os ataques em 2023&lt;\/strong&gt;. &lt;\/p&gt;&#8221; image_position=&#8221;left&#8221; custom_height=&#8221;off&#8221; image_width=&#8221;47px&#8221; image_padding=&#8221;|20px|||false|false&#8221; btn_spacing_top=&#8221;20px&#8221; content_padding=&#8221;0px|0px|0px|0px|false|false&#8221; _builder_version=&#8221;4.27.4&#8243; _module_preset=&#8221;default&#8221; title_font=&#8221;|700|||||||&#8221; title_text_color=&#8221;#3979ff&#8221; title_font_size=&#8221;16px&#8221; custom_button=&#8221;on&#8221; button_text_size=&#8221;1rem&#8221; button_text_color=&#8221;#3979ff&#8221; button_bg_color=&#8221;#ffffff&#8221; button_border_width=&#8221;1px&#8221; button_border_color=&#8221;#3979ff&#8221; button_border_radius=&#8221;50px&#8221; button_font=&#8221;|700|||||||&#8221; button_use_icon=&#8221;off&#8221; custom_padding=&#8221;||||false|false&#8221; border_radii_card=&#8221;on||||&#8221; border_width_all_card=&#8221;0px&#8221; border_color_all_card=&#8221;#3979ff&#8221; border_style_all_card=&#8221;solid&#8221; global_colors_info=&#8221;{}&#8221;][\/ba_card][ba_card photo=&#8221;https:\/\/www.jolera.com\/wp-content\/uploads\/2025\/02\/index-symbol-jolera.svg&#8221; title=&#8221;O desafio dos 51 segundos&#8221; description=&#8221;&lt;p&gt;A estat\u00edstica mais alarmante continua a ser a fuga mais r\u00e1pida registada, com apenas &lt;strong&gt;51 segundos&lt;\/strong&gt;. Isto deixa as equipas de ciberseguran\u00e7a com menos de um minuto para detetar e responder antes que os atacantes se insiram mais profundamente no ambiente de uma organiza\u00e7\u00e3o. &lt;\/p&gt;&#8221; image_position=&#8221;left&#8221; custom_height=&#8221;off&#8221; image_width=&#8221;47px&#8221; image_padding=&#8221;|20px|||false|false&#8221; btn_spacing_top=&#8221;20px&#8221; content_padding=&#8221;0px|0px|0px|0px|false|false&#8221; _builder_version=&#8221;4.27.4&#8243; _module_preset=&#8221;default&#8221; title_font=&#8221;|700|||||||&#8221; title_text_color=&#8221;#3979ff&#8221; title_font_size=&#8221;16px&#8221; custom_button=&#8221;on&#8221; button_text_size=&#8221;1rem&#8221; button_text_color=&#8221;#3979ff&#8221; button_bg_color=&#8221;#ffffff&#8221; button_border_width=&#8221;1px&#8221; button_border_color=&#8221;#3979ff&#8221; button_border_radius=&#8221;50px&#8221; button_font=&#8221;|700|||||||&#8221; button_use_icon=&#8221;off&#8221; custom_padding=&#8221;||||false|false&#8221; border_radii_card=&#8221;on||||&#8221; border_width_all_card=&#8221;0px&#8221; border_color_all_card=&#8221;#3979ff&#8221; border_style_all_card=&#8221;solid&#8221; global_colors_info=&#8221;{}&#8221;][\/ba_card][et_pb_text _builder_version=&#8221;4.27.4&#8243; background_size=&#8221;initial&#8221; background_position=&#8221;top_left&#8221; background_repeat=&#8221;repeat&#8221; custom_padding=&#8221;||||false|false&#8221; global_colors_info=&#8221;{}&#8221;]<\/p>\n<p>Esta acelera\u00e7\u00e3o dram\u00e1tica na velocidade de fuga destaca uma necessidade ineg\u00e1vel e urgente de as organiza\u00e7\u00f5es reavaliarem e refor\u00e7arem as suas posturas de ciberseguran\u00e7a.<\/p>\n<p>[\/et_pb_text][\/et_pb_column][\/et_pb_row][\/et_pb_section][et_pb_section fb_built=&#8221;1&#8243; _builder_version=&#8221;4.27.4&#8243; da_disable_devices=&#8221;off|off|off&#8221; global_colors_info=&#8221;{}&#8221; da_is_popup=&#8221;off&#8221; da_exit_intent=&#8221;off&#8221; da_has_close=&#8221;on&#8221; da_alt_close=&#8221;off&#8221; da_dark_close=&#8221;off&#8221; da_not_modal=&#8221;on&#8221; da_is_singular=&#8221;off&#8221; da_with_loader=&#8221;off&#8221; da_has_shadow=&#8221;on&#8221;][et_pb_row _builder_version=&#8221;4.27.4&#8243; background_size=&#8221;initial&#8221; background_position=&#8221;top_left&#8221; background_repeat=&#8221;repeat&#8221; width=&#8221;100%&#8221; custom_padding=&#8221;0px||||false|false&#8221; global_colors_info=&#8221;{}&#8221;][et_pb_column type=&#8221;4_4&#8243; _builder_version=&#8221;4.16&#8243; custom_padding=&#8221;|||&#8221; global_colors_info=&#8221;{}&#8221; custom_padding__hover=&#8221;|||&#8221;][et_pb_text _builder_version=&#8221;4.27.4&#8243; background_size=&#8221;initial&#8221; background_position=&#8221;top_left&#8221; background_repeat=&#8221;repeat&#8221; custom_margin=&#8221;||15px||false|false&#8221; custom_padding=&#8221;||||false|false&#8221; global_colors_info=&#8221;{}&#8221;]<\/p>\n<h5>Adapta\u00e7\u00e3o \u00e0 nova realidade<\/h5>\n<p>[\/et_pb_text][et_pb_text _builder_version=&#8221;4.27.4&#8243; background_size=&#8221;initial&#8221; background_position=&#8221;top_left&#8221; background_repeat=&#8221;repeat&#8221; custom_padding=&#8221;||||false|false&#8221; global_colors_info=&#8221;{}&#8221;]<\/p>\n<p>Para combater eficazmente estas amea\u00e7as cada vez mais r\u00e1pidas, as organiza\u00e7\u00f5es t\u00eam de definir prioridades:  <\/p>\n<p>[\/et_pb_text][\/et_pb_column][\/et_pb_row][et_pb_row column_structure=&#8221;1_3,1_3,1_3&#8243; use_custom_gutter=&#8221;on&#8221; gutter_width=&#8221;2&#8243; make_equal=&#8221;on&#8221; _builder_version=&#8221;4.27.4&#8243; _module_preset=&#8221;default&#8221; width=&#8221;100%&#8221; module_alignment=&#8221;center&#8221; custom_margin=&#8221;||||false|false&#8221; custom_padding=&#8221;0px||||false|false&#8221; global_colors_info=&#8221;{}&#8221;][et_pb_column type=&#8221;1_3&#8243; _builder_version=&#8221;4.27.4&#8243; _module_preset=&#8221;default&#8221; background_color=&#8221;#d7f0ff&#8221; custom_padding=&#8221;24px|24px|24px|24px|true|true&#8221; border_radii=&#8221;on|12px|12px|12px|12px&#8221; global_colors_info=&#8221;{}&#8221;][et_pb_text _builder_version=&#8221;4.27.4&#8243; header_3_text_color=&#8221;#056CF2&#8243; background_size=&#8221;initial&#8221; background_position=&#8221;top_left&#8221; background_repeat=&#8221;repeat&#8221; global_colors_info=&#8221;{}&#8221;]<\/p>\n<h3>Dete\u00e7\u00e3o de amea\u00e7as em tempo real<\/h3>\n<p>A capacidade de identificar e conter imediatamente as intrus\u00f5es \u00e9 fundamental. Os m\u00e9todos de dete\u00e7\u00e3o tradicionais e mais lentos j\u00e1 n\u00e3o s\u00e3o suficientes. <\/p>\n<p>[\/et_pb_text][\/et_pb_column][et_pb_column type=&#8221;1_3&#8243; _builder_version=&#8221;4.27.4&#8243; _module_preset=&#8221;default&#8221; background_color=&#8221;rgba(215,240,255,0.3)&#8221; custom_padding=&#8221;22px|22px|22px|22px|true|true&#8221; border_radii=&#8221;on|12px|12px|12px|12px&#8221; global_colors_info=&#8221;{}&#8221;][et_pb_text _builder_version=&#8221;4.27.4&#8243; header_3_text_color=&#8221;#056CF2&#8243; header_3_font_size=&#8221;18px&#8221; background_size=&#8221;initial&#8221; background_position=&#8221;top_left&#8221; background_repeat=&#8221;repeat&#8221; global_colors_info=&#8221;{}&#8221;]<\/p>\n<h3>Controlos de identidade e de acesso<\/h3>\n<p>Evitar que os atacantes utilizem credenciais comprometidas ou roubadas \u00e9 crucial. Solu\u00e7\u00f5es robustas de gerenciamento de identidade e acesso (IAM) s\u00e3o fundamentais para essa defesa. <\/p>\n<p>[\/et_pb_text][\/et_pb_column][et_pb_column type=&#8221;1_3&#8243; _builder_version=&#8221;4.27.4&#8243; _module_preset=&#8221;default&#8221; background_color=&#8221;#d7f0ff&#8221; custom_padding=&#8221;22px|22px|22px|22px|true|true&#8221; border_radii=&#8221;on|12px|12px|12px|12px&#8221; global_colors_info=&#8221;{}&#8221;][et_pb_text _builder_version=&#8221;4.27.4&#8243; header_3_text_color=&#8221;#056CF2&#8243; background_size=&#8221;initial&#8221; background_position=&#8221;top_left&#8221; background_repeat=&#8221;repeat&#8221; custom_padding=&#8221;||0px|||&#8221; global_colors_info=&#8221;{}&#8221;]<\/p>\n<h3>Ca\u00e7a proactiva a amea\u00e7as<\/h3>\n<p>\u00c9 essencial passar de uma postura de seguran\u00e7a reactiva para uma proactiva. A ca\u00e7a \u00e0s amea\u00e7as envolve a procura ativa de indicadores precoces de ataque e a interrup\u00e7\u00e3o dos advers\u00e1rios antes de estes poderem ganhar for\u00e7a. <\/p>\n<p>[\/et_pb_text][\/et_pb_column][\/et_pb_row][et_pb_row _builder_version=&#8221;4.27.4&#8243; background_size=&#8221;initial&#8221; background_position=&#8221;top_left&#8221; background_repeat=&#8221;repeat&#8221; width=&#8221;100%&#8221; custom_padding=&#8221;0px||||false|false&#8221; global_colors_info=&#8221;{}&#8221;][et_pb_column type=&#8221;4_4&#8243; _builder_version=&#8221;4.16&#8243; custom_padding=&#8221;|||&#8221; global_colors_info=&#8221;{}&#8221; custom_padding__hover=&#8221;|||&#8221;][et_pb_text _builder_version=&#8221;4.27.4&#8243; header_font=&#8221;&#8211;et_global_heading_font||||||||&#8221; header_text_color=&#8221;#056CF2&#8243; header_font_size=&#8221;32px&#8221; header_3_font=&#8221;&#8211;et_global_heading_font||||||||&#8221; header_3_font_size=&#8221;32px&#8221; background_size=&#8221;initial&#8221; background_position=&#8221;top_left&#8221; background_repeat=&#8221;repeat&#8221; custom_padding=&#8221;||||false|false&#8221; global_colors_info=&#8221;{}&#8221;]<\/p>\n<p>A realidade \u00e9 que a ciberseguran\u00e7a j\u00e1 n\u00e3o se trata apenas de evitar viola\u00e7\u00f5es, mas de minimizar o impacto de ataques inevit\u00e1veis, respondendo com uma velocidade sem paralelo. As organiza\u00e7\u00f5es devem estar preparadas para responder em segundos, e n\u00e3o em horas, para proteger os seus valiosos activos e manter a continuidade do neg\u00f3cio. <\/p>\n<p>[\/et_pb_text][\/et_pb_column][\/et_pb_row][et_pb_row _builder_version=&#8221;4.27.4&#8243; background_color=&#8221;#0f2e5c&#8221; background_size=&#8221;initial&#8221; background_position=&#8221;top_left&#8221; background_repeat=&#8221;repeat&#8221; width=&#8221;100%&#8221; custom_margin=&#8221;30px||||false|false&#8221; custom_padding=&#8221;42px|42px|42px|42px|true|true&#8221; border_radii=&#8221;on|22px|22px|22px|22px&#8221; global_colors_info=&#8221;{}&#8221;][et_pb_column type=&#8221;4_4&#8243; _builder_version=&#8221;4.16&#8243; custom_padding=&#8221;|||&#8221; global_colors_info=&#8221;{}&#8221; custom_padding__hover=&#8221;|||&#8221;][et_pb_text _builder_version=&#8221;4.27.4&#8243; text_text_color=&#8221;#FFFFFF&#8221; header_line_height=&#8221;2.4em&#8221; header_2_text_color=&#8221;#FFFFFF&#8221; header_2_line_height=&#8221;1.7em&#8221; header_3_font=&#8221;&#8211;et_global_heading_font||||||||&#8221; header_3_text_color=&#8221;#00d6ef&#8221; header_3_line_height=&#8221;1.8em&#8221; header_4_font=&#8221;||||||||&#8221; header_4_text_color=&#8221;#056CF2&#8243; background_size=&#8221;initial&#8221; background_position=&#8221;top_left&#8221; background_repeat=&#8221;repeat&#8221; custom_margin=&#8221;||||false|false&#8221; custom_padding=&#8221;||||false|false&#8221; global_colors_info=&#8221;{}&#8221;]<\/p>\n<h3>A Jolera compreende estas amea\u00e7as em constante evolu\u00e7\u00e3o<\/h3>\n<p>As nossas solu\u00e7\u00f5es abrangentes de ciberseguran\u00e7a foram concebidas para ajudar a tua organiza\u00e7\u00e3o a manter-se \u00e0 frente dos advers\u00e1rios, garantindo que tens as ferramentas e a experi\u00eancia necess\u00e1rias para te defenderes at\u00e9 das tentativas de fuga mais r\u00e1pidas.<\/p>\n<p>[\/et_pb_text][et_pb_button button_url=&#8221;https:\/\/www.jolera.com\/pt-pt\/solucoes-de-ciberseguranca\/&#8221; button_text=&#8221;Aprende a proteger a tua empresa&#8221; button_alignment=&#8221;left&#8221; _builder_version=&#8221;4.27.4&#8243; _module_preset=&#8221;default&#8221; custom_margin=&#8221;40px||||false|false&#8221; global_colors_info=&#8221;{}&#8221;][\/et_pb_button][\/et_pb_column][\/et_pb_row][\/et_pb_section]<\/p>\n","protected":false},"excerpt":{"rendered":"<p>No cen\u00e1rio em constante evolu\u00e7\u00e3o da ciberseguran\u00e7a, uma m\u00e9trica cr\u00edtica est\u00e1 a diminuir a um ritmo alarmante: o tempo de fuga. Refere-se ao per\u00edodo entre a primeira vez que um hacker obt\u00e9m acesso a um sistema e quando come\u00e7a a mover-se lateralmente pela rede, procurando bens valiosos. Quanto mais r\u00e1pido isso acontece, menos tempo os [&hellip;]<\/p>\n","protected":false},"author":3,"featured_media":240397,"comment_status":"open","ping_status":"open","sticky":false,"template":"","format":"standard","meta":{"_et_pb_use_builder":"on","_et_pb_old_content":"","_et_gb_content_width":"","inline_featured_image":false,"footnotes":""},"categories":[324],"tags":[],"class_list":["post-240401","post","type-post","status-publish","format-standard","has-post-thumbnail","hentry","category-noticias-ti"],"yoast_head":"<!-- This site is optimized with the Yoast SEO plugin v27.4 - https:\/\/yoast.com\/product\/yoast-seo-wordpress\/ -->\n<title>A alarmante acelera\u00e7\u00e3o dos tempos de fuga dos ataques cibern\u00e9ticos | Jolera<\/title>\n<meta name=\"description\" content=\"O tempo de fuga dos ataques inform\u00e1ticos est\u00e1 a diminuir! Sabe porque \u00e9 que os hackers est\u00e3o a agir mais depressa do que nunca e como \u00e9 que as solu\u00e7\u00f5es da Jolera te podem ajudar a manteres-te protegido.\" \/>\n<meta name=\"robots\" content=\"index, follow, max-snippet:-1, max-image-preview:large, max-video-preview:-1\" \/>\n<link rel=\"canonical\" href=\"https:\/\/www.jolera.com\/pt-pt\/a-alarmante-aceleracao-dos-tempos-de-fuga-dos-ataques-ciberneticos\/\" \/>\n<meta property=\"og:locale\" content=\"pt_PT\" \/>\n<meta property=\"og:type\" content=\"article\" \/>\n<meta property=\"og:title\" content=\"A alarmante acelera\u00e7\u00e3o dos tempos de fuga dos ataques cibern\u00e9ticos | Jolera\" \/>\n<meta property=\"og:description\" content=\"O tempo de fuga dos ataques inform\u00e1ticos est\u00e1 a diminuir! Sabe porque \u00e9 que os hackers est\u00e3o a agir mais depressa do que nunca e como \u00e9 que as solu\u00e7\u00f5es da Jolera te podem ajudar a manteres-te protegido.\" \/>\n<meta property=\"og:url\" content=\"https:\/\/www.jolera.com\/pt-pt\/a-alarmante-aceleracao-dos-tempos-de-fuga-dos-ataques-ciberneticos\/\" \/>\n<meta property=\"og:site_name\" content=\"Jolera\" \/>\n<meta property=\"article:publisher\" content=\"https:\/\/www.facebook.com\/jolerainc\/\" \/>\n<meta property=\"article:published_time\" content=\"2025-07-03T16:13:23+00:00\" \/>\n<meta property=\"article:modified_time\" content=\"2025-08-18T14:46:50+00:00\" \/>\n<meta property=\"og:image\" content=\"https:\/\/www.jolera.com\/wp-content\/uploads\/The-Alarming-Acceleration-of-Cyber-Attack-Breakout-Times-Feature-Image.png\" \/>\n\t<meta property=\"og:image:width\" content=\"1200\" \/>\n\t<meta property=\"og:image:height\" content=\"628\" \/>\n\t<meta property=\"og:image:type\" content=\"image\/png\" \/>\n<meta name=\"author\" content=\"Marta Martinho\" \/>\n<meta name=\"twitter:card\" content=\"summary_large_image\" \/>\n<meta name=\"twitter:creator\" content=\"@jolera\" \/>\n<meta name=\"twitter:site\" content=\"@jolera\" \/>\n<meta name=\"twitter:label1\" content=\"Escrito por\" \/>\n\t<meta name=\"twitter:data1\" content=\"Marta Martinho\" \/>\n\t<meta name=\"twitter:label2\" content=\"Tempo estimado de leitura\" \/>\n\t<meta name=\"twitter:data2\" content=\"11 minutos\" \/>\n<script type=\"application\/ld+json\" class=\"yoast-schema-graph\">{\"@context\":\"https:\\\/\\\/schema.org\",\"@graph\":[{\"@type\":\"Article\",\"@id\":\"https:\\\/\\\/www.jolera.com\\\/pt-pt\\\/a-alarmante-aceleracao-dos-tempos-de-fuga-dos-ataques-ciberneticos\\\/#article\",\"isPartOf\":{\"@id\":\"https:\\\/\\\/www.jolera.com\\\/pt-pt\\\/a-alarmante-aceleracao-dos-tempos-de-fuga-dos-ataques-ciberneticos\\\/\"},\"author\":{\"name\":\"Marta Martinho\",\"@id\":\"https:\\\/\\\/www.jolera.com\\\/pt-pt\\\/#\\\/schema\\\/person\\\/0e02a9049000c55cc31d61668ab55580\"},\"headline\":\"A alarmante acelera\u00e7\u00e3o dos tempos de fuga dos ataques cibern\u00e9ticos\",\"datePublished\":\"2025-07-03T16:13:23+00:00\",\"dateModified\":\"2025-08-18T14:46:50+00:00\",\"mainEntityOfPage\":{\"@id\":\"https:\\\/\\\/www.jolera.com\\\/pt-pt\\\/a-alarmante-aceleracao-dos-tempos-de-fuga-dos-ataques-ciberneticos\\\/\"},\"wordCount\":2207,\"commentCount\":0,\"publisher\":{\"@id\":\"https:\\\/\\\/www.jolera.com\\\/pt-pt\\\/#organization\"},\"image\":{\"@id\":\"https:\\\/\\\/www.jolera.com\\\/pt-pt\\\/a-alarmante-aceleracao-dos-tempos-de-fuga-dos-ataques-ciberneticos\\\/#primaryimage\"},\"thumbnailUrl\":\"https:\\\/\\\/www.jolera.com\\\/wp-content\\\/uploads\\\/The-Alarming-Acceleration-of-Cyber-Attack-Breakout-Times-Feature-Image.png\",\"articleSection\":[\"Not\u00edcias TI\"],\"inLanguage\":\"pt-PT\",\"potentialAction\":[{\"@type\":\"CommentAction\",\"name\":\"Comment\",\"target\":[\"https:\\\/\\\/www.jolera.com\\\/pt-pt\\\/a-alarmante-aceleracao-dos-tempos-de-fuga-dos-ataques-ciberneticos\\\/#respond\"]}]},{\"@type\":\"WebPage\",\"@id\":\"https:\\\/\\\/www.jolera.com\\\/pt-pt\\\/a-alarmante-aceleracao-dos-tempos-de-fuga-dos-ataques-ciberneticos\\\/\",\"url\":\"https:\\\/\\\/www.jolera.com\\\/pt-pt\\\/a-alarmante-aceleracao-dos-tempos-de-fuga-dos-ataques-ciberneticos\\\/\",\"name\":\"A alarmante acelera\u00e7\u00e3o dos tempos de fuga dos ataques cibern\u00e9ticos | Jolera\",\"isPartOf\":{\"@id\":\"https:\\\/\\\/www.jolera.com\\\/pt-pt\\\/#website\"},\"primaryImageOfPage\":{\"@id\":\"https:\\\/\\\/www.jolera.com\\\/pt-pt\\\/a-alarmante-aceleracao-dos-tempos-de-fuga-dos-ataques-ciberneticos\\\/#primaryimage\"},\"image\":{\"@id\":\"https:\\\/\\\/www.jolera.com\\\/pt-pt\\\/a-alarmante-aceleracao-dos-tempos-de-fuga-dos-ataques-ciberneticos\\\/#primaryimage\"},\"thumbnailUrl\":\"https:\\\/\\\/www.jolera.com\\\/wp-content\\\/uploads\\\/The-Alarming-Acceleration-of-Cyber-Attack-Breakout-Times-Feature-Image.png\",\"datePublished\":\"2025-07-03T16:13:23+00:00\",\"dateModified\":\"2025-08-18T14:46:50+00:00\",\"description\":\"O tempo de fuga dos ataques inform\u00e1ticos est\u00e1 a diminuir! Sabe porque \u00e9 que os hackers est\u00e3o a agir mais depressa do que nunca e como \u00e9 que as solu\u00e7\u00f5es da Jolera te podem ajudar a manteres-te protegido.\",\"breadcrumb\":{\"@id\":\"https:\\\/\\\/www.jolera.com\\\/pt-pt\\\/a-alarmante-aceleracao-dos-tempos-de-fuga-dos-ataques-ciberneticos\\\/#breadcrumb\"},\"inLanguage\":\"pt-PT\",\"potentialAction\":[{\"@type\":\"ReadAction\",\"target\":[\"https:\\\/\\\/www.jolera.com\\\/pt-pt\\\/a-alarmante-aceleracao-dos-tempos-de-fuga-dos-ataques-ciberneticos\\\/\"]}]},{\"@type\":\"ImageObject\",\"inLanguage\":\"pt-PT\",\"@id\":\"https:\\\/\\\/www.jolera.com\\\/pt-pt\\\/a-alarmante-aceleracao-dos-tempos-de-fuga-dos-ataques-ciberneticos\\\/#primaryimage\",\"url\":\"https:\\\/\\\/www.jolera.com\\\/wp-content\\\/uploads\\\/The-Alarming-Acceleration-of-Cyber-Attack-Breakout-Times-Feature-Image.png\",\"contentUrl\":\"https:\\\/\\\/www.jolera.com\\\/wp-content\\\/uploads\\\/The-Alarming-Acceleration-of-Cyber-Attack-Breakout-Times-Feature-Image.png\",\"width\":1200,\"height\":628,\"caption\":\"The Alarming Acceleration of Cyber Attack Breakout Times - Feature Image\"},{\"@type\":\"BreadcrumbList\",\"@id\":\"https:\\\/\\\/www.jolera.com\\\/pt-pt\\\/a-alarmante-aceleracao-dos-tempos-de-fuga-dos-ataques-ciberneticos\\\/#breadcrumb\",\"itemListElement\":[{\"@type\":\"ListItem\",\"position\":1,\"name\":\"Home\",\"item\":\"https:\\\/\\\/www.jolera.com\\\/pt-pt\\\/\"},{\"@type\":\"ListItem\",\"position\":2,\"name\":\"A alarmante acelera\u00e7\u00e3o dos tempos de fuga dos ataques cibern\u00e9ticos\"}]},{\"@type\":\"WebSite\",\"@id\":\"https:\\\/\\\/www.jolera.com\\\/pt-pt\\\/#website\",\"url\":\"https:\\\/\\\/www.jolera.com\\\/pt-pt\\\/\",\"name\":\"Global Systems Integrator \u2013 IT & Cybersecurity\",\"description\":\"Global Systems Integrator\",\"publisher\":{\"@id\":\"https:\\\/\\\/www.jolera.com\\\/pt-pt\\\/#organization\"},\"potentialAction\":[{\"@type\":\"SearchAction\",\"target\":{\"@type\":\"EntryPoint\",\"urlTemplate\":\"https:\\\/\\\/www.jolera.com\\\/pt-pt\\\/?s={search_term_string}\"},\"query-input\":{\"@type\":\"PropertyValueSpecification\",\"valueRequired\":true,\"valueName\":\"search_term_string\"}}],\"inLanguage\":\"pt-PT\"},{\"@type\":\"Organization\",\"@id\":\"https:\\\/\\\/www.jolera.com\\\/pt-pt\\\/#organization\",\"name\":\"Jolera\",\"url\":\"https:\\\/\\\/www.jolera.com\\\/pt-pt\\\/\",\"logo\":{\"@type\":\"ImageObject\",\"inLanguage\":\"pt-PT\",\"@id\":\"https:\\\/\\\/www.jolera.com\\\/pt-pt\\\/#\\\/schema\\\/logo\\\/image\\\/\",\"url\":\"https:\\\/\\\/www.jolera.com\\\/wp-content\\\/uploads\\\/2024\\\/10\\\/Jolera-logo-blue-sq.png\",\"contentUrl\":\"https:\\\/\\\/www.jolera.com\\\/wp-content\\\/uploads\\\/2024\\\/10\\\/Jolera-logo-blue-sq.png\",\"width\":400,\"height\":400,\"caption\":\"Jolera\"},\"image\":{\"@id\":\"https:\\\/\\\/www.jolera.com\\\/pt-pt\\\/#\\\/schema\\\/logo\\\/image\\\/\"},\"sameAs\":[\"https:\\\/\\\/www.facebook.com\\\/jolerainc\\\/\",\"https:\\\/\\\/x.com\\\/jolera\",\"https:\\\/\\\/www.instagram.com\\\/jolerainc\\\/\",\"https:\\\/\\\/www.linkedin.com\\\/company\\\/jolera\\\/\",\"https:\\\/\\\/www.youtube.com\\\/@JoleraTV\"]},{\"@type\":\"Person\",\"@id\":\"https:\\\/\\\/www.jolera.com\\\/pt-pt\\\/#\\\/schema\\\/person\\\/0e02a9049000c55cc31d61668ab55580\",\"name\":\"Marta Martinho\",\"image\":{\"@type\":\"ImageObject\",\"inLanguage\":\"pt-PT\",\"@id\":\"https:\\\/\\\/secure.gravatar.com\\\/avatar\\\/6f4acfb370f83f019f26ed84e454bade974ae623e766fce4ec50e6c793d87f8d?s=96&d=https%3A%2F%2Fwww.jolera.com%2Fwp-content%2Fuploads%2Fjolera-managed-services-provider-icon-150x150.png&r=g\",\"url\":\"https:\\\/\\\/secure.gravatar.com\\\/avatar\\\/6f4acfb370f83f019f26ed84e454bade974ae623e766fce4ec50e6c793d87f8d?s=96&d=https%3A%2F%2Fwww.jolera.com%2Fwp-content%2Fuploads%2Fjolera-managed-services-provider-icon-150x150.png&r=g\",\"contentUrl\":\"https:\\\/\\\/secure.gravatar.com\\\/avatar\\\/6f4acfb370f83f019f26ed84e454bade974ae623e766fce4ec50e6c793d87f8d?s=96&d=https%3A%2F%2Fwww.jolera.com%2Fwp-content%2Fuploads%2Fjolera-managed-services-provider-icon-150x150.png&r=g\",\"caption\":\"Marta Martinho\"},\"url\":\"https:\\\/\\\/www.jolera.com\\\/pt-pt\\\/author\\\/martam\\\/\"}]}<\/script>\n<!-- \/ Yoast SEO plugin. -->","yoast_head_json":{"title":"A alarmante acelera\u00e7\u00e3o dos tempos de fuga dos ataques cibern\u00e9ticos | Jolera","description":"O tempo de fuga dos ataques inform\u00e1ticos est\u00e1 a diminuir! Sabe porque \u00e9 que os hackers est\u00e3o a agir mais depressa do que nunca e como \u00e9 que as solu\u00e7\u00f5es da Jolera te podem ajudar a manteres-te protegido.","robots":{"index":"index","follow":"follow","max-snippet":"max-snippet:-1","max-image-preview":"max-image-preview:large","max-video-preview":"max-video-preview:-1"},"canonical":"https:\/\/www.jolera.com\/pt-pt\/a-alarmante-aceleracao-dos-tempos-de-fuga-dos-ataques-ciberneticos\/","og_locale":"pt_PT","og_type":"article","og_title":"A alarmante acelera\u00e7\u00e3o dos tempos de fuga dos ataques cibern\u00e9ticos | Jolera","og_description":"O tempo de fuga dos ataques inform\u00e1ticos est\u00e1 a diminuir! Sabe porque \u00e9 que os hackers est\u00e3o a agir mais depressa do que nunca e como \u00e9 que as solu\u00e7\u00f5es da Jolera te podem ajudar a manteres-te protegido.","og_url":"https:\/\/www.jolera.com\/pt-pt\/a-alarmante-aceleracao-dos-tempos-de-fuga-dos-ataques-ciberneticos\/","og_site_name":"Jolera","article_publisher":"https:\/\/www.facebook.com\/jolerainc\/","article_published_time":"2025-07-03T16:13:23+00:00","article_modified_time":"2025-08-18T14:46:50+00:00","og_image":[{"width":1200,"height":628,"url":"https:\/\/www.jolera.com\/wp-content\/uploads\/The-Alarming-Acceleration-of-Cyber-Attack-Breakout-Times-Feature-Image.png","type":"image\/png"}],"author":"Marta Martinho","twitter_card":"summary_large_image","twitter_creator":"@jolera","twitter_site":"@jolera","twitter_misc":{"Escrito por":"Marta Martinho","Tempo estimado de leitura":"11 minutos"},"schema":{"@context":"https:\/\/schema.org","@graph":[{"@type":"Article","@id":"https:\/\/www.jolera.com\/pt-pt\/a-alarmante-aceleracao-dos-tempos-de-fuga-dos-ataques-ciberneticos\/#article","isPartOf":{"@id":"https:\/\/www.jolera.com\/pt-pt\/a-alarmante-aceleracao-dos-tempos-de-fuga-dos-ataques-ciberneticos\/"},"author":{"name":"Marta Martinho","@id":"https:\/\/www.jolera.com\/pt-pt\/#\/schema\/person\/0e02a9049000c55cc31d61668ab55580"},"headline":"A alarmante acelera\u00e7\u00e3o dos tempos de fuga dos ataques cibern\u00e9ticos","datePublished":"2025-07-03T16:13:23+00:00","dateModified":"2025-08-18T14:46:50+00:00","mainEntityOfPage":{"@id":"https:\/\/www.jolera.com\/pt-pt\/a-alarmante-aceleracao-dos-tempos-de-fuga-dos-ataques-ciberneticos\/"},"wordCount":2207,"commentCount":0,"publisher":{"@id":"https:\/\/www.jolera.com\/pt-pt\/#organization"},"image":{"@id":"https:\/\/www.jolera.com\/pt-pt\/a-alarmante-aceleracao-dos-tempos-de-fuga-dos-ataques-ciberneticos\/#primaryimage"},"thumbnailUrl":"https:\/\/www.jolera.com\/wp-content\/uploads\/The-Alarming-Acceleration-of-Cyber-Attack-Breakout-Times-Feature-Image.png","articleSection":["Not\u00edcias TI"],"inLanguage":"pt-PT","potentialAction":[{"@type":"CommentAction","name":"Comment","target":["https:\/\/www.jolera.com\/pt-pt\/a-alarmante-aceleracao-dos-tempos-de-fuga-dos-ataques-ciberneticos\/#respond"]}]},{"@type":"WebPage","@id":"https:\/\/www.jolera.com\/pt-pt\/a-alarmante-aceleracao-dos-tempos-de-fuga-dos-ataques-ciberneticos\/","url":"https:\/\/www.jolera.com\/pt-pt\/a-alarmante-aceleracao-dos-tempos-de-fuga-dos-ataques-ciberneticos\/","name":"A alarmante acelera\u00e7\u00e3o dos tempos de fuga dos ataques cibern\u00e9ticos | Jolera","isPartOf":{"@id":"https:\/\/www.jolera.com\/pt-pt\/#website"},"primaryImageOfPage":{"@id":"https:\/\/www.jolera.com\/pt-pt\/a-alarmante-aceleracao-dos-tempos-de-fuga-dos-ataques-ciberneticos\/#primaryimage"},"image":{"@id":"https:\/\/www.jolera.com\/pt-pt\/a-alarmante-aceleracao-dos-tempos-de-fuga-dos-ataques-ciberneticos\/#primaryimage"},"thumbnailUrl":"https:\/\/www.jolera.com\/wp-content\/uploads\/The-Alarming-Acceleration-of-Cyber-Attack-Breakout-Times-Feature-Image.png","datePublished":"2025-07-03T16:13:23+00:00","dateModified":"2025-08-18T14:46:50+00:00","description":"O tempo de fuga dos ataques inform\u00e1ticos est\u00e1 a diminuir! Sabe porque \u00e9 que os hackers est\u00e3o a agir mais depressa do que nunca e como \u00e9 que as solu\u00e7\u00f5es da Jolera te podem ajudar a manteres-te protegido.","breadcrumb":{"@id":"https:\/\/www.jolera.com\/pt-pt\/a-alarmante-aceleracao-dos-tempos-de-fuga-dos-ataques-ciberneticos\/#breadcrumb"},"inLanguage":"pt-PT","potentialAction":[{"@type":"ReadAction","target":["https:\/\/www.jolera.com\/pt-pt\/a-alarmante-aceleracao-dos-tempos-de-fuga-dos-ataques-ciberneticos\/"]}]},{"@type":"ImageObject","inLanguage":"pt-PT","@id":"https:\/\/www.jolera.com\/pt-pt\/a-alarmante-aceleracao-dos-tempos-de-fuga-dos-ataques-ciberneticos\/#primaryimage","url":"https:\/\/www.jolera.com\/wp-content\/uploads\/The-Alarming-Acceleration-of-Cyber-Attack-Breakout-Times-Feature-Image.png","contentUrl":"https:\/\/www.jolera.com\/wp-content\/uploads\/The-Alarming-Acceleration-of-Cyber-Attack-Breakout-Times-Feature-Image.png","width":1200,"height":628,"caption":"The Alarming Acceleration of Cyber Attack Breakout Times - Feature Image"},{"@type":"BreadcrumbList","@id":"https:\/\/www.jolera.com\/pt-pt\/a-alarmante-aceleracao-dos-tempos-de-fuga-dos-ataques-ciberneticos\/#breadcrumb","itemListElement":[{"@type":"ListItem","position":1,"name":"Home","item":"https:\/\/www.jolera.com\/pt-pt\/"},{"@type":"ListItem","position":2,"name":"A alarmante acelera\u00e7\u00e3o dos tempos de fuga dos ataques cibern\u00e9ticos"}]},{"@type":"WebSite","@id":"https:\/\/www.jolera.com\/pt-pt\/#website","url":"https:\/\/www.jolera.com\/pt-pt\/","name":"Global Systems Integrator \u2013 IT & Cybersecurity","description":"Global Systems Integrator","publisher":{"@id":"https:\/\/www.jolera.com\/pt-pt\/#organization"},"potentialAction":[{"@type":"SearchAction","target":{"@type":"EntryPoint","urlTemplate":"https:\/\/www.jolera.com\/pt-pt\/?s={search_term_string}"},"query-input":{"@type":"PropertyValueSpecification","valueRequired":true,"valueName":"search_term_string"}}],"inLanguage":"pt-PT"},{"@type":"Organization","@id":"https:\/\/www.jolera.com\/pt-pt\/#organization","name":"Jolera","url":"https:\/\/www.jolera.com\/pt-pt\/","logo":{"@type":"ImageObject","inLanguage":"pt-PT","@id":"https:\/\/www.jolera.com\/pt-pt\/#\/schema\/logo\/image\/","url":"https:\/\/www.jolera.com\/wp-content\/uploads\/2024\/10\/Jolera-logo-blue-sq.png","contentUrl":"https:\/\/www.jolera.com\/wp-content\/uploads\/2024\/10\/Jolera-logo-blue-sq.png","width":400,"height":400,"caption":"Jolera"},"image":{"@id":"https:\/\/www.jolera.com\/pt-pt\/#\/schema\/logo\/image\/"},"sameAs":["https:\/\/www.facebook.com\/jolerainc\/","https:\/\/x.com\/jolera","https:\/\/www.instagram.com\/jolerainc\/","https:\/\/www.linkedin.com\/company\/jolera\/","https:\/\/www.youtube.com\/@JoleraTV"]},{"@type":"Person","@id":"https:\/\/www.jolera.com\/pt-pt\/#\/schema\/person\/0e02a9049000c55cc31d61668ab55580","name":"Marta Martinho","image":{"@type":"ImageObject","inLanguage":"pt-PT","@id":"https:\/\/secure.gravatar.com\/avatar\/6f4acfb370f83f019f26ed84e454bade974ae623e766fce4ec50e6c793d87f8d?s=96&d=https%3A%2F%2Fwww.jolera.com%2Fwp-content%2Fuploads%2Fjolera-managed-services-provider-icon-150x150.png&r=g","url":"https:\/\/secure.gravatar.com\/avatar\/6f4acfb370f83f019f26ed84e454bade974ae623e766fce4ec50e6c793d87f8d?s=96&d=https%3A%2F%2Fwww.jolera.com%2Fwp-content%2Fuploads%2Fjolera-managed-services-provider-icon-150x150.png&r=g","contentUrl":"https:\/\/secure.gravatar.com\/avatar\/6f4acfb370f83f019f26ed84e454bade974ae623e766fce4ec50e6c793d87f8d?s=96&d=https%3A%2F%2Fwww.jolera.com%2Fwp-content%2Fuploads%2Fjolera-managed-services-provider-icon-150x150.png&r=g","caption":"Marta Martinho"},"url":"https:\/\/www.jolera.com\/pt-pt\/author\/martam\/"}]}},"_links":{"self":[{"href":"https:\/\/www.jolera.com\/pt-pt\/wp-json\/wp\/v2\/posts\/240401","targetHints":{"allow":["GET"]}}],"collection":[{"href":"https:\/\/www.jolera.com\/pt-pt\/wp-json\/wp\/v2\/posts"}],"about":[{"href":"https:\/\/www.jolera.com\/pt-pt\/wp-json\/wp\/v2\/types\/post"}],"author":[{"embeddable":true,"href":"https:\/\/www.jolera.com\/pt-pt\/wp-json\/wp\/v2\/users\/3"}],"replies":[{"embeddable":true,"href":"https:\/\/www.jolera.com\/pt-pt\/wp-json\/wp\/v2\/comments?post=240401"}],"version-history":[{"count":0,"href":"https:\/\/www.jolera.com\/pt-pt\/wp-json\/wp\/v2\/posts\/240401\/revisions"}],"wp:featuredmedia":[{"embeddable":true,"href":"https:\/\/www.jolera.com\/pt-pt\/wp-json\/wp\/v2\/media\/240397"}],"wp:attachment":[{"href":"https:\/\/www.jolera.com\/pt-pt\/wp-json\/wp\/v2\/media?parent=240401"}],"wp:term":[{"taxonomy":"category","embeddable":true,"href":"https:\/\/www.jolera.com\/pt-pt\/wp-json\/wp\/v2\/categories?post=240401"},{"taxonomy":"post_tag","embeddable":true,"href":"https:\/\/www.jolera.com\/pt-pt\/wp-json\/wp\/v2\/tags?post=240401"}],"curies":[{"name":"wp","href":"https:\/\/api.w.org\/{rel}","templated":true}]}}