{"id":242429,"date":"2026-01-26T12:13:01","date_gmt":"2026-01-26T12:13:01","guid":{"rendered":"https:\/\/www.jolera.com\/jolera-en-el-evento-de-liderazgo-telus-asociacion-impulso-y-escala\/"},"modified":"2026-04-14T14:22:36","modified_gmt":"2026-04-14T14:22:36","slug":"jolera-en-el-evento-de-liderazgo-telus-asociacion-impulso-y-escala","status":"publish","type":"post","link":"https:\/\/www.jolera.com\/es\/jolera-en-el-evento-de-liderazgo-telus-asociacion-impulso-y-escala\/","title":{"rendered":"Jolera en el Evento de Liderazgo TELUS: Asociaci\u00f3n, impulso y escala"},"content":{"rendered":"<p>[et_pb_section fb_built=&#8221;1&#8243; admin_label=&#8221;section&#8221; _builder_version=&#8221;4.16&#8243; da_disable_devices=&#8221;off|off|off&#8221; locked=&#8221;off&#8221; global_colors_info=&#8221;{}&#8221; da_is_popup=&#8221;off&#8221; da_exit_intent=&#8221;off&#8221; da_has_close=&#8221;on&#8221; da_alt_close=&#8221;off&#8221; da_dark_close=&#8221;off&#8221; da_not_modal=&#8221;on&#8221; da_is_singular=&#8221;off&#8221; da_with_loader=&#8221;off&#8221; da_has_shadow=&#8221;on&#8221;][et_pb_row _builder_version=&#8221;4.27.4&#8243; background_size=&#8221;initial&#8221; background_position=&#8221;top_left&#8221; background_repeat=&#8221;repeat&#8221; width=&#8221;100%&#8221; custom_padding=&#8221;||||false|false&#8221; locked=&#8221;off&#8221; global_colors_info=&#8221;{}&#8221;][et_pb_column type=&#8221;4_4&#8243; _builder_version=&#8221;4.16&#8243; custom_padding=&#8221;|||&#8221; global_colors_info=&#8221;{}&#8221; custom_padding__hover=&#8221;|||&#8221;][et_pb_text _builder_version=&#8221;4.27.5&#8243; header_font=&#8221;&#8211;et_global_heading_font||||||||&#8221; header_text_color=&#8221;#056CF2&#8243; header_font_size=&#8221;32px&#8221; header_3_font=&#8221;&#8211;et_global_heading_font||||||||&#8221; header_3_font_size=&#8221;32px&#8221; background_size=&#8221;initial&#8221; background_position=&#8221;top_left&#8221; background_repeat=&#8221;repeat&#8221; custom_margin=&#8221;||90px||false|false&#8221; custom_padding=&#8221;||||false|false&#8221; global_colors_info=&#8221;{}&#8221;]<\/p>\n<p data-start=\"373\" data-end=\"551\">Del 20 al 22 de enero, Jolera particip\u00f3 en un evento de liderazgo de varios d\u00edas organizado por <strong data-start=\"446\" data-end=\"487\"><span class=\"hover:entity-accent entity-underline inline cursor-pointer align-baseline\"><span class=\"whitespace-normal\">TELUS<\/span><\/span><\/strong>en Vancouver, donde la empresa se enorgulleci\u00f3 de ser uno de los principales patrocinadores.<\/p>\n<p data-start=\"553\" data-end=\"783\">La energ\u00eda durante todo el evento reflej\u00f3 un negocio en modo de aceleraci\u00f3n, marcado por un compromiso profundo, una colaboraci\u00f3n real y equipos de liderazgo centrados en la ejecuci\u00f3n, la escala y lo que se necesita para tener \u00e9xito en la siguiente fase de crecimiento.<\/p>\n<p data-start=\"785\" data-end=\"1163\">Lo que m\u00e1s destac\u00f3 fue el impulso. TELUS sigue creciendo a buen ritmo, y las conversaciones se basaron m\u00e1s en la ejecuci\u00f3n que en la teor\u00eda. Los debates se centraron en c\u00f3mo avanzar m\u00e1s r\u00e1pido, escalar con confianza y construir juntos de forma m\u00e1s inteligente. Los altos directivos y los socios alinearon las prioridades, afinaron la estrategia y reforzaron el compromiso compartido de apoyar la expansi\u00f3n continuada.   <\/p>\n<p data-start=\"1165\" data-end=\"1789\">Tras diez a\u00f1os de <a href=\"https:\/\/www.jolera.com\/es\/vision-general-de-la-asociacion\/\">asociaci\u00f3n entre Jolera y TELUS<\/a>, la trayectoria es clara. El crecimiento es tangible, la ambici\u00f3n sigue siendo alta y la aceleraci\u00f3n est\u00e1 en marcha.  Jolera hace extensivo su agradecimiento al equipo directivo de TELUS, que sigue haciendo posible esta colaboraci\u00f3n: <strong data-start=\"1442\" data-end=\"1483\"><span class=\"hover:entity-accent entity-underline inline cursor-pointer align-baseline\"><span class=\"whitespace-normal\">Navin Arora<\/span><\/span><\/strong>, <strong data-start=\"1485\" data-end=\"1526\"><span class=\"hover:entity-accent entity-underline inline cursor-pointer align-baseline\"><span class=\"whitespace-normal\">Greg McCallum<\/span><\/span><\/strong>, <strong data-start=\"1528\" data-end=\"1569\"><span class=\"hover:entity-accent entity-underline inline cursor-pointer align-baseline\"><span class=\"whitespace-normal\">Katherine Emberly<\/span><\/span><\/strong>,     <strong data-start=\"1571\" data-end=\"1612\"><span class=\"hover:entity-accent entity-underline inline cursor-pointer align-baseline\"><span class=\"whitespace-normal\">Ali Barakat<\/span><\/span><\/strong>, <strong data-start=\"1614\" data-end=\"1655\"><span class=\"hover:entity-accent entity-underline inline cursor-pointer align-baseline\"><span class=\"whitespace-normal\">Paul Albert<\/span><\/span><\/strong>, <strong data-start=\"1657\" data-end=\"1698\"><span class=\"hover:entity-accent entity-underline inline cursor-pointer align-baseline\"><span class=\"whitespace-normal\">Tom Henry<\/span><\/span><\/strong>, <strong data-start=\"1700\" data-end=\"1741\"><span class=\"hover:entity-accent entity-underline inline cursor-pointer align-baseline\"><span class=\"whitespace-normal\">Dave Richardson<\/span><\/span><\/strong>y <strong data-start=\"1747\" data-end=\"1788\"><span class=\"hover:entity-accent entity-underline inline cursor-pointer align-baseline\"><span class=\"whitespace-normal\">Jodi Baxter<\/span><\/span><\/strong>.<\/p>\n<p data-start=\"1791\" data-end=\"2040\">Jolera estuvo <a href=\"https:\/\/www.jolera.com\/es\/equipo-ejecutivo\/\">representada en el evento por <strong data-start=\"1830\" data-end=\"1873\"><span class=\"hover:entity-accent entity-underline inline cursor-pointer align-baseline\"><span class=\"whitespace-normal\">Chris Black<\/span><\/span><\/strong> y <strong data-start=\"1878\" data-end=\"1921\"><span class=\"hover:entity-accent entity-underline inline cursor-pointer align-baseline\"><span class=\"whitespace-normal\">Paul Krowchuk<\/span><\/span><\/strong>, lo que<\/a> refuerza el compromiso continuo de la empresa con la creaci\u00f3n de valor a largo plazo a trav\u00e9s de asociaciones s\u00f3lidas y la ejecuci\u00f3n.<\/p>\n<p>&nbsp;<\/p>\n<p>[\/et_pb_text][et_pb_gallery gallery_ids=&#8221;242424,242425,242426,242427&#8243; orientation=&#8221;portrait&#8221; show_title_and_caption=&#8221;off&#8221; _builder_version=&#8221;4.27.5&#8243; _module_preset=&#8221;default&#8221; border_radii_image=&#8221;on|6px|6px|6px|6px&#8221; box_shadow_style_image=&#8221;preset3&#8243; global_colors_info=&#8221;{}&#8221;][\/et_pb_gallery][\/et_pb_column][\/et_pb_row][\/et_pb_section]<\/p>\n","protected":false},"excerpt":{"rendered":"<p>Del 20 al 22 de enero, Jolera particip\u00f3 en un evento de liderazgo de varios d\u00edas organizado por TELUSen Vancouver, donde la empresa se enorgulleci\u00f3 de ser uno de los principales patrocinadores. La energ\u00eda durante todo el evento reflej\u00f3 un negocio en modo de aceleraci\u00f3n, marcado por un compromiso profundo, una colaboraci\u00f3n real y equipos [&hellip;]<\/p>\n","protected":false},"author":1,"featured_media":242428,"comment_status":"open","ping_status":"open","sticky":false,"template":"","format":"standard","meta":{"_et_pb_use_builder":"on","_et_pb_old_content":"","_et_gb_content_width":"","inline_featured_image":false,"footnotes":""},"categories":[353],"tags":[],"class_list":["post-242429","post","type-post","status-publish","format-standard","has-post-thumbnail","hentry","category-reflejos-jolera"],"yoast_head":"<!-- This site is optimized with the Yoast SEO plugin v27.4 - https:\/\/yoast.com\/product\/yoast-seo-wordpress\/ -->\n<title>Jolera en el Evento de Liderazgo TELUS: Asociaci\u00f3n, impulso y escala | Jolera<\/title>\n<meta name=\"description\" content=\"Jolera particip\u00f3 en un evento de liderazgo de TELUS, reforzando una asociaci\u00f3n de una d\u00e9cada centrada en la escala, la ejecuci\u00f3n y el crecimiento continuo.\" \/>\n<meta name=\"robots\" content=\"index, follow, max-snippet:-1, max-image-preview:large, max-video-preview:-1\" \/>\n<link rel=\"canonical\" href=\"https:\/\/www.jolera.com\/es\/jolera-en-el-evento-de-liderazgo-telus-asociacion-impulso-y-escala\/\" \/>\n<meta property=\"og:locale\" content=\"es_ES\" \/>\n<meta property=\"og:type\" content=\"article\" \/>\n<meta property=\"og:title\" content=\"Jolera en el Evento de Liderazgo TELUS: Asociaci\u00f3n, impulso y escala | Jolera\" \/>\n<meta property=\"og:description\" content=\"Jolera particip\u00f3 en un evento de liderazgo de TELUS, reforzando una asociaci\u00f3n de una d\u00e9cada centrada en la escala, la ejecuci\u00f3n y el crecimiento continuo.\" \/>\n<meta property=\"og:url\" content=\"https:\/\/www.jolera.com\/es\/jolera-en-el-evento-de-liderazgo-telus-asociacion-impulso-y-escala\/\" \/>\n<meta property=\"og:site_name\" content=\"Jolera\" \/>\n<meta property=\"article:publisher\" content=\"https:\/\/www.facebook.com\/jolerainc\/\" \/>\n<meta property=\"article:published_time\" content=\"2026-01-26T12:13:01+00:00\" \/>\n<meta property=\"article:modified_time\" content=\"2026-04-14T14:22:36+00:00\" \/>\n<meta property=\"og:image\" content=\"https:\/\/www.jolera.com\/wp-content\/uploads\/Jolera-at-TELUS-Leadership-Event-Partnership-Momentum-and-Scale.png\" \/>\n\t<meta property=\"og:image:width\" content=\"1200\" \/>\n\t<meta property=\"og:image:height\" content=\"628\" \/>\n\t<meta property=\"og:image:type\" content=\"image\/png\" \/>\n<meta name=\"author\" content=\"Jolera\" \/>\n<meta name=\"twitter:card\" content=\"summary_large_image\" \/>\n<meta name=\"twitter:creator\" content=\"@jolera\" \/>\n<meta name=\"twitter:site\" content=\"@jolera\" \/>\n<meta name=\"twitter:label1\" content=\"Escrito por\" \/>\n\t<meta name=\"twitter:data1\" content=\"Jolera\" \/>\n\t<meta name=\"twitter:label2\" content=\"Tiempo de lectura\" \/>\n\t<meta name=\"twitter:data2\" content=\"2 minutos\" \/>\n<script type=\"application\/ld+json\" class=\"yoast-schema-graph\">{\"@context\":\"https:\\\/\\\/schema.org\",\"@graph\":[{\"@type\":\"Article\",\"@id\":\"https:\\\/\\\/www.jolera.com\\\/es\\\/jolera-en-el-evento-de-liderazgo-telus-asociacion-impulso-y-escala\\\/#article\",\"isPartOf\":{\"@id\":\"https:\\\/\\\/www.jolera.com\\\/es\\\/jolera-en-el-evento-de-liderazgo-telus-asociacion-impulso-y-escala\\\/\"},\"author\":{\"name\":\"Jolera\",\"@id\":\"https:\\\/\\\/www.jolera.com\\\/es\\\/#\\\/schema\\\/person\\\/9d0aa0ee3c29a585afccdf73a491a1ae\"},\"headline\":\"Jolera en el Evento de Liderazgo TELUS: Asociaci\u00f3n, impulso y escala\",\"datePublished\":\"2026-01-26T12:13:01+00:00\",\"dateModified\":\"2026-04-14T14:22:36+00:00\",\"mainEntityOfPage\":{\"@id\":\"https:\\\/\\\/www.jolera.com\\\/es\\\/jolera-en-el-evento-de-liderazgo-telus-asociacion-impulso-y-escala\\\/\"},\"wordCount\":472,\"commentCount\":0,\"publisher\":{\"@id\":\"https:\\\/\\\/www.jolera.com\\\/es\\\/#organization\"},\"image\":{\"@id\":\"https:\\\/\\\/www.jolera.com\\\/es\\\/jolera-en-el-evento-de-liderazgo-telus-asociacion-impulso-y-escala\\\/#primaryimage\"},\"thumbnailUrl\":\"https:\\\/\\\/www.jolera.com\\\/wp-content\\\/uploads\\\/Jolera-at-TELUS-Leadership-Event-Partnership-Momentum-and-Scale.png\",\"articleSection\":[\"Reflejos Jolera\"],\"inLanguage\":\"es\",\"potentialAction\":[{\"@type\":\"CommentAction\",\"name\":\"Comment\",\"target\":[\"https:\\\/\\\/www.jolera.com\\\/es\\\/jolera-en-el-evento-de-liderazgo-telus-asociacion-impulso-y-escala\\\/#respond\"]}]},{\"@type\":\"WebPage\",\"@id\":\"https:\\\/\\\/www.jolera.com\\\/es\\\/jolera-en-el-evento-de-liderazgo-telus-asociacion-impulso-y-escala\\\/\",\"url\":\"https:\\\/\\\/www.jolera.com\\\/es\\\/jolera-en-el-evento-de-liderazgo-telus-asociacion-impulso-y-escala\\\/\",\"name\":\"Jolera en el Evento de Liderazgo TELUS: Asociaci\u00f3n, impulso y escala | Jolera\",\"isPartOf\":{\"@id\":\"https:\\\/\\\/www.jolera.com\\\/es\\\/#website\"},\"primaryImageOfPage\":{\"@id\":\"https:\\\/\\\/www.jolera.com\\\/es\\\/jolera-en-el-evento-de-liderazgo-telus-asociacion-impulso-y-escala\\\/#primaryimage\"},\"image\":{\"@id\":\"https:\\\/\\\/www.jolera.com\\\/es\\\/jolera-en-el-evento-de-liderazgo-telus-asociacion-impulso-y-escala\\\/#primaryimage\"},\"thumbnailUrl\":\"https:\\\/\\\/www.jolera.com\\\/wp-content\\\/uploads\\\/Jolera-at-TELUS-Leadership-Event-Partnership-Momentum-and-Scale.png\",\"datePublished\":\"2026-01-26T12:13:01+00:00\",\"dateModified\":\"2026-04-14T14:22:36+00:00\",\"description\":\"Jolera particip\u00f3 en un evento de liderazgo de TELUS, reforzando una asociaci\u00f3n de una d\u00e9cada centrada en la escala, la ejecuci\u00f3n y el crecimiento continuo.\",\"breadcrumb\":{\"@id\":\"https:\\\/\\\/www.jolera.com\\\/es\\\/jolera-en-el-evento-de-liderazgo-telus-asociacion-impulso-y-escala\\\/#breadcrumb\"},\"inLanguage\":\"es\",\"potentialAction\":[{\"@type\":\"ReadAction\",\"target\":[\"https:\\\/\\\/www.jolera.com\\\/es\\\/jolera-en-el-evento-de-liderazgo-telus-asociacion-impulso-y-escala\\\/\"]}]},{\"@type\":\"ImageObject\",\"inLanguage\":\"es\",\"@id\":\"https:\\\/\\\/www.jolera.com\\\/es\\\/jolera-en-el-evento-de-liderazgo-telus-asociacion-impulso-y-escala\\\/#primaryimage\",\"url\":\"https:\\\/\\\/www.jolera.com\\\/wp-content\\\/uploads\\\/Jolera-at-TELUS-Leadership-Event-Partnership-Momentum-and-Scale.png\",\"contentUrl\":\"https:\\\/\\\/www.jolera.com\\\/wp-content\\\/uploads\\\/Jolera-at-TELUS-Leadership-Event-Partnership-Momentum-and-Scale.png\",\"width\":1200,\"height\":628,\"caption\":\"Jolera en el Evento de Liderazgo TELUS Asociaci\u00f3n Impulso y Escala\"},{\"@type\":\"BreadcrumbList\",\"@id\":\"https:\\\/\\\/www.jolera.com\\\/es\\\/jolera-en-el-evento-de-liderazgo-telus-asociacion-impulso-y-escala\\\/#breadcrumb\",\"itemListElement\":[{\"@type\":\"ListItem\",\"position\":1,\"name\":\"Home\",\"item\":\"https:\\\/\\\/www.jolera.com\\\/es\\\/\"},{\"@type\":\"ListItem\",\"position\":2,\"name\":\"Jolera en el Evento de Liderazgo TELUS: Asociaci\u00f3n, impulso y escala\"}]},{\"@type\":\"WebSite\",\"@id\":\"https:\\\/\\\/www.jolera.com\\\/es\\\/#website\",\"url\":\"https:\\\/\\\/www.jolera.com\\\/es\\\/\",\"name\":\"Global Systems Integrator \u2013 IT & Cybersecurity\",\"description\":\"Global Systems Integrator\",\"publisher\":{\"@id\":\"https:\\\/\\\/www.jolera.com\\\/es\\\/#organization\"},\"potentialAction\":[{\"@type\":\"SearchAction\",\"target\":{\"@type\":\"EntryPoint\",\"urlTemplate\":\"https:\\\/\\\/www.jolera.com\\\/es\\\/?s={search_term_string}\"},\"query-input\":{\"@type\":\"PropertyValueSpecification\",\"valueRequired\":true,\"valueName\":\"search_term_string\"}}],\"inLanguage\":\"es\"},{\"@type\":\"Organization\",\"@id\":\"https:\\\/\\\/www.jolera.com\\\/es\\\/#organization\",\"name\":\"Jolera\",\"url\":\"https:\\\/\\\/www.jolera.com\\\/es\\\/\",\"logo\":{\"@type\":\"ImageObject\",\"inLanguage\":\"es\",\"@id\":\"https:\\\/\\\/www.jolera.com\\\/es\\\/#\\\/schema\\\/logo\\\/image\\\/\",\"url\":\"https:\\\/\\\/www.jolera.com\\\/wp-content\\\/uploads\\\/2024\\\/10\\\/Jolera-logo-blue-sq.png\",\"contentUrl\":\"https:\\\/\\\/www.jolera.com\\\/wp-content\\\/uploads\\\/2024\\\/10\\\/Jolera-logo-blue-sq.png\",\"width\":400,\"height\":400,\"caption\":\"Jolera\"},\"image\":{\"@id\":\"https:\\\/\\\/www.jolera.com\\\/es\\\/#\\\/schema\\\/logo\\\/image\\\/\"},\"sameAs\":[\"https:\\\/\\\/www.facebook.com\\\/jolerainc\\\/\",\"https:\\\/\\\/x.com\\\/jolera\",\"https:\\\/\\\/www.instagram.com\\\/jolerainc\\\/\",\"https:\\\/\\\/www.linkedin.com\\\/company\\\/jolera\\\/\",\"https:\\\/\\\/www.youtube.com\\\/@JoleraTV\"]},{\"@type\":\"Person\",\"@id\":\"https:\\\/\\\/www.jolera.com\\\/es\\\/#\\\/schema\\\/person\\\/9d0aa0ee3c29a585afccdf73a491a1ae\",\"name\":\"Jolera\",\"image\":{\"@type\":\"ImageObject\",\"inLanguage\":\"es\",\"@id\":\"https:\\\/\\\/secure.gravatar.com\\\/avatar\\\/0ab3ebeac2608c432d3156ffb0278cff0bd1ad63514020cf8e38525a8e0db098?s=96&d=https%3A%2F%2Fwww.jolera.com%2Fwp-content%2Fuploads%2Fjolera-managed-services-provider-icon-150x150.png&r=g\",\"url\":\"https:\\\/\\\/secure.gravatar.com\\\/avatar\\\/0ab3ebeac2608c432d3156ffb0278cff0bd1ad63514020cf8e38525a8e0db098?s=96&d=https%3A%2F%2Fwww.jolera.com%2Fwp-content%2Fuploads%2Fjolera-managed-services-provider-icon-150x150.png&r=g\",\"contentUrl\":\"https:\\\/\\\/secure.gravatar.com\\\/avatar\\\/0ab3ebeac2608c432d3156ffb0278cff0bd1ad63514020cf8e38525a8e0db098?s=96&d=https%3A%2F%2Fwww.jolera.com%2Fwp-content%2Fuploads%2Fjolera-managed-services-provider-icon-150x150.png&r=g\",\"caption\":\"Jolera\"},\"sameAs\":[\"https:\\\/\\\/www.jolera.com\"],\"url\":\"https:\\\/\\\/www.jolera.com\\\/es\\\/author\\\/admin\\\/\"}]}<\/script>\n<!-- \/ Yoast SEO plugin. -->","yoast_head_json":{"title":"Jolera en el Evento de Liderazgo TELUS: Asociaci\u00f3n, impulso y escala | Jolera","description":"Jolera particip\u00f3 en un evento de liderazgo de TELUS, reforzando una asociaci\u00f3n de una d\u00e9cada centrada en la escala, la ejecuci\u00f3n y el crecimiento continuo.","robots":{"index":"index","follow":"follow","max-snippet":"max-snippet:-1","max-image-preview":"max-image-preview:large","max-video-preview":"max-video-preview:-1"},"canonical":"https:\/\/www.jolera.com\/es\/jolera-en-el-evento-de-liderazgo-telus-asociacion-impulso-y-escala\/","og_locale":"es_ES","og_type":"article","og_title":"Jolera en el Evento de Liderazgo TELUS: Asociaci\u00f3n, impulso y escala | Jolera","og_description":"Jolera particip\u00f3 en un evento de liderazgo de TELUS, reforzando una asociaci\u00f3n de una d\u00e9cada centrada en la escala, la ejecuci\u00f3n y el crecimiento continuo.","og_url":"https:\/\/www.jolera.com\/es\/jolera-en-el-evento-de-liderazgo-telus-asociacion-impulso-y-escala\/","og_site_name":"Jolera","article_publisher":"https:\/\/www.facebook.com\/jolerainc\/","article_published_time":"2026-01-26T12:13:01+00:00","article_modified_time":"2026-04-14T14:22:36+00:00","og_image":[{"width":1200,"height":628,"url":"https:\/\/www.jolera.com\/wp-content\/uploads\/Jolera-at-TELUS-Leadership-Event-Partnership-Momentum-and-Scale.png","type":"image\/png"}],"author":"Jolera","twitter_card":"summary_large_image","twitter_creator":"@jolera","twitter_site":"@jolera","twitter_misc":{"Escrito por":"Jolera","Tiempo de lectura":"2 minutos"},"schema":{"@context":"https:\/\/schema.org","@graph":[{"@type":"Article","@id":"https:\/\/www.jolera.com\/es\/jolera-en-el-evento-de-liderazgo-telus-asociacion-impulso-y-escala\/#article","isPartOf":{"@id":"https:\/\/www.jolera.com\/es\/jolera-en-el-evento-de-liderazgo-telus-asociacion-impulso-y-escala\/"},"author":{"name":"Jolera","@id":"https:\/\/www.jolera.com\/es\/#\/schema\/person\/9d0aa0ee3c29a585afccdf73a491a1ae"},"headline":"Jolera en el Evento de Liderazgo TELUS: Asociaci\u00f3n, impulso y escala","datePublished":"2026-01-26T12:13:01+00:00","dateModified":"2026-04-14T14:22:36+00:00","mainEntityOfPage":{"@id":"https:\/\/www.jolera.com\/es\/jolera-en-el-evento-de-liderazgo-telus-asociacion-impulso-y-escala\/"},"wordCount":472,"commentCount":0,"publisher":{"@id":"https:\/\/www.jolera.com\/es\/#organization"},"image":{"@id":"https:\/\/www.jolera.com\/es\/jolera-en-el-evento-de-liderazgo-telus-asociacion-impulso-y-escala\/#primaryimage"},"thumbnailUrl":"https:\/\/www.jolera.com\/wp-content\/uploads\/Jolera-at-TELUS-Leadership-Event-Partnership-Momentum-and-Scale.png","articleSection":["Reflejos Jolera"],"inLanguage":"es","potentialAction":[{"@type":"CommentAction","name":"Comment","target":["https:\/\/www.jolera.com\/es\/jolera-en-el-evento-de-liderazgo-telus-asociacion-impulso-y-escala\/#respond"]}]},{"@type":"WebPage","@id":"https:\/\/www.jolera.com\/es\/jolera-en-el-evento-de-liderazgo-telus-asociacion-impulso-y-escala\/","url":"https:\/\/www.jolera.com\/es\/jolera-en-el-evento-de-liderazgo-telus-asociacion-impulso-y-escala\/","name":"Jolera en el Evento de Liderazgo TELUS: Asociaci\u00f3n, impulso y escala | Jolera","isPartOf":{"@id":"https:\/\/www.jolera.com\/es\/#website"},"primaryImageOfPage":{"@id":"https:\/\/www.jolera.com\/es\/jolera-en-el-evento-de-liderazgo-telus-asociacion-impulso-y-escala\/#primaryimage"},"image":{"@id":"https:\/\/www.jolera.com\/es\/jolera-en-el-evento-de-liderazgo-telus-asociacion-impulso-y-escala\/#primaryimage"},"thumbnailUrl":"https:\/\/www.jolera.com\/wp-content\/uploads\/Jolera-at-TELUS-Leadership-Event-Partnership-Momentum-and-Scale.png","datePublished":"2026-01-26T12:13:01+00:00","dateModified":"2026-04-14T14:22:36+00:00","description":"Jolera particip\u00f3 en un evento de liderazgo de TELUS, reforzando una asociaci\u00f3n de una d\u00e9cada centrada en la escala, la ejecuci\u00f3n y el crecimiento continuo.","breadcrumb":{"@id":"https:\/\/www.jolera.com\/es\/jolera-en-el-evento-de-liderazgo-telus-asociacion-impulso-y-escala\/#breadcrumb"},"inLanguage":"es","potentialAction":[{"@type":"ReadAction","target":["https:\/\/www.jolera.com\/es\/jolera-en-el-evento-de-liderazgo-telus-asociacion-impulso-y-escala\/"]}]},{"@type":"ImageObject","inLanguage":"es","@id":"https:\/\/www.jolera.com\/es\/jolera-en-el-evento-de-liderazgo-telus-asociacion-impulso-y-escala\/#primaryimage","url":"https:\/\/www.jolera.com\/wp-content\/uploads\/Jolera-at-TELUS-Leadership-Event-Partnership-Momentum-and-Scale.png","contentUrl":"https:\/\/www.jolera.com\/wp-content\/uploads\/Jolera-at-TELUS-Leadership-Event-Partnership-Momentum-and-Scale.png","width":1200,"height":628,"caption":"Jolera en el Evento de Liderazgo TELUS Asociaci\u00f3n Impulso y Escala"},{"@type":"BreadcrumbList","@id":"https:\/\/www.jolera.com\/es\/jolera-en-el-evento-de-liderazgo-telus-asociacion-impulso-y-escala\/#breadcrumb","itemListElement":[{"@type":"ListItem","position":1,"name":"Home","item":"https:\/\/www.jolera.com\/es\/"},{"@type":"ListItem","position":2,"name":"Jolera en el Evento de Liderazgo TELUS: Asociaci\u00f3n, impulso y escala"}]},{"@type":"WebSite","@id":"https:\/\/www.jolera.com\/es\/#website","url":"https:\/\/www.jolera.com\/es\/","name":"Global Systems Integrator \u2013 IT & Cybersecurity","description":"Global Systems Integrator","publisher":{"@id":"https:\/\/www.jolera.com\/es\/#organization"},"potentialAction":[{"@type":"SearchAction","target":{"@type":"EntryPoint","urlTemplate":"https:\/\/www.jolera.com\/es\/?s={search_term_string}"},"query-input":{"@type":"PropertyValueSpecification","valueRequired":true,"valueName":"search_term_string"}}],"inLanguage":"es"},{"@type":"Organization","@id":"https:\/\/www.jolera.com\/es\/#organization","name":"Jolera","url":"https:\/\/www.jolera.com\/es\/","logo":{"@type":"ImageObject","inLanguage":"es","@id":"https:\/\/www.jolera.com\/es\/#\/schema\/logo\/image\/","url":"https:\/\/www.jolera.com\/wp-content\/uploads\/2024\/10\/Jolera-logo-blue-sq.png","contentUrl":"https:\/\/www.jolera.com\/wp-content\/uploads\/2024\/10\/Jolera-logo-blue-sq.png","width":400,"height":400,"caption":"Jolera"},"image":{"@id":"https:\/\/www.jolera.com\/es\/#\/schema\/logo\/image\/"},"sameAs":["https:\/\/www.facebook.com\/jolerainc\/","https:\/\/x.com\/jolera","https:\/\/www.instagram.com\/jolerainc\/","https:\/\/www.linkedin.com\/company\/jolera\/","https:\/\/www.youtube.com\/@JoleraTV"]},{"@type":"Person","@id":"https:\/\/www.jolera.com\/es\/#\/schema\/person\/9d0aa0ee3c29a585afccdf73a491a1ae","name":"Jolera","image":{"@type":"ImageObject","inLanguage":"es","@id":"https:\/\/secure.gravatar.com\/avatar\/0ab3ebeac2608c432d3156ffb0278cff0bd1ad63514020cf8e38525a8e0db098?s=96&d=https%3A%2F%2Fwww.jolera.com%2Fwp-content%2Fuploads%2Fjolera-managed-services-provider-icon-150x150.png&r=g","url":"https:\/\/secure.gravatar.com\/avatar\/0ab3ebeac2608c432d3156ffb0278cff0bd1ad63514020cf8e38525a8e0db098?s=96&d=https%3A%2F%2Fwww.jolera.com%2Fwp-content%2Fuploads%2Fjolera-managed-services-provider-icon-150x150.png&r=g","contentUrl":"https:\/\/secure.gravatar.com\/avatar\/0ab3ebeac2608c432d3156ffb0278cff0bd1ad63514020cf8e38525a8e0db098?s=96&d=https%3A%2F%2Fwww.jolera.com%2Fwp-content%2Fuploads%2Fjolera-managed-services-provider-icon-150x150.png&r=g","caption":"Jolera"},"sameAs":["https:\/\/www.jolera.com"],"url":"https:\/\/www.jolera.com\/es\/author\/admin\/"}]}},"_links":{"self":[{"href":"https:\/\/www.jolera.com\/es\/wp-json\/wp\/v2\/posts\/242429","targetHints":{"allow":["GET"]}}],"collection":[{"href":"https:\/\/www.jolera.com\/es\/wp-json\/wp\/v2\/posts"}],"about":[{"href":"https:\/\/www.jolera.com\/es\/wp-json\/wp\/v2\/types\/post"}],"author":[{"embeddable":true,"href":"https:\/\/www.jolera.com\/es\/wp-json\/wp\/v2\/users\/1"}],"replies":[{"embeddable":true,"href":"https:\/\/www.jolera.com\/es\/wp-json\/wp\/v2\/comments?post=242429"}],"version-history":[{"count":0,"href":"https:\/\/www.jolera.com\/es\/wp-json\/wp\/v2\/posts\/242429\/revisions"}],"wp:featuredmedia":[{"embeddable":true,"href":"https:\/\/www.jolera.com\/es\/wp-json\/wp\/v2\/media\/242428"}],"wp:attachment":[{"href":"https:\/\/www.jolera.com\/es\/wp-json\/wp\/v2\/media?parent=242429"}],"wp:term":[{"taxonomy":"category","embeddable":true,"href":"https:\/\/www.jolera.com\/es\/wp-json\/wp\/v2\/categories?post=242429"},{"taxonomy":"post_tag","embeddable":true,"href":"https:\/\/www.jolera.com\/es\/wp-json\/wp\/v2\/tags?post=242429"}],"curies":[{"name":"wp","href":"https:\/\/api.w.org\/{rel}","templated":true}]}}